{"id":2219,"date":"2023-10-06T10:06:45","date_gmt":"2023-10-06T07:06:45","guid":{"rendered":"https:\/\/pharmaworlddergi.com\/?p=2219"},"modified":"2023-10-06T10:47:06","modified_gmt":"2023-10-06T07:47:06","slug":"ressam-sevket-dag-humanis-organizasyonlugunda-cok-sevdigi-istanbul-ile-yeniden-kucaklasiyor","status":"publish","type":"post","link":"https:\/\/pharmaworlddergi.com\/ressam-sevket-dag-humanis-organizasyonlugunda-cok-sevdigi-istanbul-ile-yeniden-kucaklasiyor\/","title":{"rendered":"Ressam \u015eevket Da\u011f, Humanis Organizasyonlu\u011funda, \u00c7ok Sevdi\u011fi \u0130stanbul ile Yeniden Kucakla\u015f\u0131yor"},"content":{"rendered":"\n<p>Resim sanat\u0131n\u0131n usta isimlerinden biri olan \u015eevket Da\u011f\u2019\u0131n eserlerini ilk defa bir araya getiren \u2018Zaman ve Mek\u00e2n\u0131n B\u00fcy\u00fcs\u00fcnde Bir Ressam: \u015eevket Da\u011f\u2019 sergisi, Bozlu Art Project ev sahipli\u011finde Mongeri Binas\u0131\u2019nda \u0130stanbullu sanatseverlerle bulu\u015fuyor. Humanis organizasyonu ile ger\u00e7ekle\u015fen bu \u00f6zel sergi sayesinde, \u015eevket Da\u011f \u00e7ok sevdi\u011fi \u0130stanbul ile yeniden kucakla\u015f\u0131yor.<\/p>\n\n\n<div class=\"wp-block-image\">\n<figure class=\"alignleft size-large is-resized\"><img loading=\"lazy\" decoding=\"async\" src=\"https:\/\/pharmaworlddergi.com\/wp-content\/uploads\/2023\/10\/YunusSancakSahne3-1024x576.jpg\" alt=\"\" class=\"wp-image-2221\" style=\"width:231px;height:130px\" width=\"231\" height=\"130\" srcset=\"https:\/\/pharmaworlddergi.com\/wp-content\/uploads\/2023\/10\/YunusSancakSahne3-1024x576.jpg 1024w, https:\/\/pharmaworlddergi.com\/wp-content\/uploads\/2023\/10\/YunusSancakSahne3-300x169.jpg 300w, https:\/\/pharmaworlddergi.com\/wp-content\/uploads\/2023\/10\/YunusSancakSahne3-768x432.jpg 768w, https:\/\/pharmaworlddergi.com\/wp-content\/uploads\/2023\/10\/YunusSancakSahne3-1536x864.jpg 1536w, https:\/\/pharmaworlddergi.com\/wp-content\/uploads\/2023\/10\/YunusSancakSahne3-2048x1152.jpg 2048w\" sizes=\"(max-width: 231px) 100vw, 231px\" \/><\/figure><\/div>\n\n\n<p>Osmanl\u0131 ve Erken Cumhuriyet d\u00f6nemi sanat tarihimizin \u00f6nde gelen isimlerinden olan \u015eevket Da\u011f\u2019\u0131n (1875-1944) eserleri, \u201cZaman ve Mek\u00e2n\u0131n B\u00fcy\u00fcs\u00fcnde Bir Ressam: \u015eevket Da\u011f\u201d isimli sergide ilk kez toplu olarak sergileniyor. Humanis organizasyonu ile Bozlu Art Project ev sahipli\u011finde ger\u00e7ekle\u015fen bu kapsaml\u0131 sergi, 22 Eyl\u00fcl 2023 tarihinden itibaren ziyarete a\u00e7\u0131ld\u0131. Serginin kap\u0131lar\u0131 25 Kas\u0131m 2023 tarihine kadar ziyaret\u00e7ilerine a\u00e7\u0131k olacak.<\/p>\n\n\n\n<p>Resimlerindeki detayl\u0131 ve e\u015fsiz i\u00e7 mek\u00e2n tasvirleriyle sanat tarihimizde \u00f6nemli bir yere sahip olan \u015eevket Da\u011f\u2019\u0131n eserleri, sanat\u00e7\u0131n\u0131n ya\u015fam\u0131n\u0131n ard\u0131ndan farkl\u0131 karma sergilerde yer alsa da bug\u00fcne kadar sanat\u00e7\u0131n\u0131n \u00e7ok say\u0131da eserinin bir arada g\u00f6r\u00fclebilece\u011fi kapsaml\u0131 bir sergi d\u00fczenlenmedi. \u0130stanbul\u2019un tarihi mekanlar\u0131na odaklanan \u00e7ok say\u0131da esere imza atan \u015eevket Da\u011f, bu sergi vesilesiyle, \u00e7ok de\u011fer verdi\u011fi ve sevdi\u011fi \u0130stanbul ile yeniden kucakla\u015fm\u0131\u015f oldu. <strong>\u201cZaman ve Mek\u00e2n\u0131n B\u00fcy\u00fcs\u00fcnde Bir Ressam: \u015eevket Da\u011f\u201d<\/strong> sergisi, sanat\u00e7\u0131n\u0131n toplam 65 eserini, kendisine ait \u00e7e\u015fitli objeler, ar\u015fiv belgeleri ve foto\u011fraflar e\u015fli\u011finde bir araya getiriyor.<\/p>\n\n\n\n<p>\u00dcnl\u00fc sanat\u00e7\u0131 Volkan Severcan\u2019\u0131n moderat\u00f6rl\u00fc\u011f\u00fcn\u00fc yapt\u0131\u011f\u0131 serginin a\u00e7\u0131l\u0131\u015f gecesine Humanis CEO\u2019su Yunus Sancak, gazeteci Do\u011fan H\u0131zlan, \u015ei\u015fli Belediye Ba\u015fkan\u0131 Muammer Keskin, Bozlu Holding Y\u00f6netim kurulu Ba\u015fkan\u0131 Dr. \u015e\u00fckr\u00fc Bozluol\u00e7ay ve sa\u011fl\u0131k sekt\u00f6r\u00fcnden \u00e7ok say\u0131da sanatsever kat\u0131ld\u0131. Gecede konu\u015fan Do\u011fan H\u0131zlan, \u015eevket Da\u011f\u2019\u0131n sanat tarihindeki yerini ve serginin \u00f6nemini davetlilerle payla\u015ft\u0131.<\/p>\n\n\n\n<p><strong>Yunus Sancak: \u201cAtt\u0131\u011f\u0131m\u0131z Her Ad\u0131m, Ya\u015fam\u0131n Her Alan\u0131na De\u011fer Katacak\u201d<\/strong><\/p>\n\n\n\n<p>Sergi a\u00e7\u0131l\u0131\u015f\u0131nda konu\u015fan Humanis CEO\u2019su Yunus Sancak, sanat\u0131n ortak co\u015fkusunu payla\u015fmaktan mutluluk duydu\u011funu belirterek \u015funlar\u0131 s\u00f6yledi:<\/p>\n\n\n\n<p>\u201cHumanis olarak, sanat\u0131n iyile\u015ftirici g\u00fcc\u00fcn\u00fc insan odakl\u0131 sa\u011fl\u0131k felsefemiz ile harmanlay\u0131p, k\u00f6klerimizi d\u00fcnyan\u0131n her yerine ula\u015ft\u0131rmay\u0131 hedefliyoruz. Bu hedefimiz do\u011frultusunda ise T\u00fcrkiye\u2019de bir ilki ger\u00e7ekle\u015ftiriyoruz. E\u015fsiz i\u00e7 mek\u00e2n resimleriyle \u00f6ne \u00e7\u0131kan \u00fcnl\u00fc ressam \u015eevket Da\u011f\u2019\u0131n 65 eserinin bir araya getirildi\u011fi, \u2018Zaman ve Mek\u00e2n\u0131n B\u00fcy\u00fcs\u00fcnde Bir Ressam: \u015eevket Da\u011f\u2019 sergisini sizlere sunuyoruz. Att\u0131\u011f\u0131m\u0131z her ad\u0131m\u0131n, ya\u015fam\u0131n her alan\u0131na de\u011fer kataca\u011f\u0131n\u0131 g\u00f6n\u00fcl rahatl\u0131\u011f\u0131yla s\u00f6yleyebiliriz. \u00c7\u00fcnk\u00fc insan\u0131n oldu\u011fu her yerde sa\u011fl\u0131k, iyi ya\u015fam ve getirilerinden biri olarak sanat da her zaman var olacakt\u0131r.\u201d<br><strong><br>Sergi \u015fimdiye kadar 150 binden fazla ki\u015fi ile bulu\u015ftu<\/strong><\/p>\n\n\n\n<p>\u015eevket Da\u011f\u2019\u0131n eserlerinin \u00f6nemli bir k\u0131sm\u0131n\u0131 ilk kez bir araya getiren bu \u00f6zel sergi ilk olarak \u0130zmir Folkart Galeri\u2019de sanatseverlerle bulu\u015ftu. Daha sonra Humanis organizasyonu ile ikinci dura\u011f\u0131 Ankara CerModern\u2019de de b\u00fcy\u00fck ilgi g\u00f6ren sergiyi \u015fimdiye kadar 150 binden fazla ki\u015fi ziyaret etti.<\/p>\n\n\n\n<p>Sergi, 25 Kas\u0131m 2023 tarihine kadar Bozlu Art Project Mongeri Binas\u0131\u2019nda ziyaret\u00e7ilere a\u00e7\u0131k olacak.<\/p>\n","protected":false},"excerpt":{"rendered":"<p>Resim sanat\u0131n\u0131n usta isimlerinden biri olan \u015eevket Da\u011f\u2019\u0131n eserlerini ilk defa bir araya getiren \u2018Zaman ve Mek\u00e2n\u0131n B\u00fcy\u00fcs\u00fcnde Bir Ressam: \u015eevket Da\u011f\u2019 sergisi, Bozlu Art Project ev sahipli\u011finde Mongeri Binas\u0131\u2019nda \u0130stanbullu sanatseverlerle bulu\u015fuyor. Humanis organizasyonu ile ger\u00e7ekle\u015fen bu \u00f6zel sergi sayesinde, \u015eevket Da\u011f \u00e7ok sevdi\u011fi \u0130stanbul ile yeniden kucakla\u015f\u0131yor. Osmanl\u0131 ve Erken Cumhuriyet d\u00f6nemi sanat &hellip;<\/p>\n","protected":false},"author":1,"featured_media":2222,"comment_status":"closed","ping_status":"open","sticky":false,"template":"","format":"standard","meta":{"footnotes":""},"categories":[48,42],"tags":[],"_links":{"self":[{"href":"https:\/\/pharmaworlddergi.com\/wp-json\/wp\/v2\/posts\/2219"}],"collection":[{"href":"https:\/\/pharmaworlddergi.com\/wp-json\/wp\/v2\/posts"}],"about":[{"href":"https:\/\/pharmaworlddergi.com\/wp-json\/wp\/v2\/types\/post"}],"author":[{"embeddable":true,"href":"https:\/\/pharmaworlddergi.com\/wp-json\/wp\/v2\/users\/1"}],"replies":[{"embeddable":true,"href":"https:\/\/pharmaworlddergi.com\/wp-json\/wp\/v2\/comments?post=2219"}],"version-history":[{"count":6,"href":"https:\/\/pharmaworlddergi.com\/wp-json\/wp\/v2\/posts\/2219\/revisions"}],"predecessor-version":[{"id":2229,"href":"https:\/\/pharmaworlddergi.com\/wp-json\/wp\/v2\/posts\/2219\/revisions\/2229"}],"wp:featuredmedia":[{"embeddable":true,"href":"https:\/\/pharmaworlddergi.com\/wp-json\/wp\/v2\/media\/2222"}],"wp:attachment":[{"href":"https:\/\/pharmaworlddergi.com\/wp-json\/wp\/v2\/media?parent=2219"}],"wp:term":[{"taxonomy":"category","embeddable":true,"href":"https:\/\/pharmaworlddergi.com\/wp-json\/wp\/v2\/categories?post=2219"},{"taxonomy":"post_tag","embeddable":true,"href":"https:\/\/pharmaworlddergi.com\/wp-json\/wp\/v2\/tags?post=2219"}],"curies":[{"name":"wp","href":"https:\/\/api.w.org\/{rel}","templated":true}]}}