{"id":3096,"date":"2024-03-27T13:06:49","date_gmt":"2024-03-27T10:06:49","guid":{"rendered":"https:\/\/pharmaworlddergi.com\/?p=3096"},"modified":"2024-03-27T13:06:50","modified_gmt":"2024-03-27T10:06:50","slug":"epilepsi-korktugun-gibi-degil","status":"publish","type":"post","link":"https:\/\/pharmaworlddergi.com\/?p=3096","title":{"rendered":"Epilepsi Korktu\u011fun Gibi De\u011fil\u00a0"},"content":{"rendered":"\n<p><em><strong>T\u00fcrk Epilepsi ile Sava\u015f Derne\u011fi ve Abdi \u0130brahim, 26 Mart D\u00fcnya Epilepsi Fark\u0131ndal\u0131k G\u00fcn\u00fc kapsam\u0131nda \u0130stanbul Maslak\u2019ta bir etkinlik ger\u00e7ekle\u015ftirdi. T\u00fcrk ila\u00e7 sekt\u00f6r\u00fcn\u00fcn lideri Abdi \u0130brahim\u2019in ko\u015fulsuz katk\u0131lar\u0131yla ger\u00e7ekle\u015fen, \u2018Gelin Bug\u00fcn Epilepsi Konu\u015fal\u0131m \u2013 Epilepsi Korktu\u011fun Gibi De\u011fil\u2019 temal\u0131 etkinlikte, epilepsi hakk\u0131nda do\u011fru bilinen yanl\u0131\u015flara ve toplumdaki \u00f6n yarg\u0131lara de\u011finildi. \u00d6zellikle epilepsili bireylerin de \u00e7al\u0131\u015fabilece\u011fine dikkat \u00e7ekildi.<\/strong><\/em><\/p>\n\n\n\n<p>Epilepsi, d\u00fcnya n\u00fcfusunun yakla\u015f\u0131k y\u00fczde 1\u2019ini etkileyen, k\u0131sa s\u00fcreli beyin fonksiyon bozuklu\u011funa ba\u011fl\u0131, tedavi edilebilir bir beyin hastal\u0131\u011f\u0131d\u0131r. Epilepsili bireyler doktorlar\u0131 taraf\u0131ndan verilen tedaviye uyum sa\u011flad\u0131klar\u0131 s\u00fcrece n\u00f6betleri kontrol alt\u0131na al\u0131nabilir ve g\u00fcnl\u00fck ya\u015fant\u0131lar\u0131na devam edebilirler. Ancak epilepsi hakk\u0131nda do\u011fru bilinen yanl\u0131\u015flar, toplumu \u00f6nyarg\u0131ya itmektedir. Bunlardan biri de epilepsili bireylerin \u00e7al\u0131\u015famayaca\u011f\u0131 y\u00f6n\u00fcndeki yanl\u0131\u015f bilgidir.&nbsp;<\/p>\n\n\n\n<p>Toplumun bu yanl\u0131\u015flar hakk\u0131nda bilgilendirilmesi i\u00e7in \u00e7al\u0131\u015fma hayat\u0131n\u0131n merkezlerinden biri olan \u0130stanbul Maslak\u2019ta T\u00fcrk Epilepsi ile Sava\u015f Derne\u011fi, Abdi \u0130brahim\u2019in ko\u015fulsuz katk\u0131s\u0131yla bir etkinlik d\u00fczenledi. Etkinlikte kurulan \u201cMor Kabin\u201d arac\u0131l\u0131\u011f\u0131 ile \u201cEpilepsili Bireyler \u00c7al\u0131\u015fabilir\u201d mesaj\u0131 verildi.<\/p>\n\n\n\n<p>Yo\u011fun ilgi g\u00f6ren etkinlikte \u00e7ok say\u0131da insan epilepsi ile ilgili bilin\u00e7lendirildi. Mor kabin i\u00e7indeki foto\u011fraf \u00e7ekme aktivitesiyle de bu anlaml\u0131 etkinlikten foto\u011fraflar sosyal medyada payla\u015f\u0131larak daha geni\u015f bir kitle \u00fczerinde fark\u0131ndal\u0131k yarat\u0131ld\u0131.<\/p>\n\n\n\n<p><strong>T\u00fcrkiye\u2019de yakla\u015f\u0131k 1 milyon epilepsili var<\/strong><\/p>\n\n\n\n<p>Beyindeki kontrols\u00fcz elektriksel yay\u0131l\u0131mlar sonucunda epilepsili bireylerde n\u00f6betler olu\u015fur ve bu toplumda \u201csara hastal\u0131\u011f\u0131\u201d olarak bilinir. Epilepsi hemen her ya\u015fta g\u00f6r\u00fclebilir. Epilepsi n\u00f6betlerinin \u00e7ok \u00e7e\u015fidi bulunmakla birlikte temelde iki t\u00fcr n\u00f6bet g\u00f6r\u00fcl\u00fcr: Parsiyel n\u00f6betler (beyinde bir b\u00f6lgeye s\u0131n\u0131rl\u0131 ba\u015flayan n\u00f6betler) ve jeneralize n\u00f6betler (beyinde yayg\u0131n olarak ba\u015flayan n\u00f6betler). T\u00fcrkiye\u2019de halen 1 milyon kadar epilepsili birey bulunuyor.<\/p>\n\n\n\n<p><strong>&nbsp; &nbsp; &nbsp;Epilepsi ve \u00e7al\u0131\u015fma hayat\u0131<\/strong><\/p>\n\n\n\n<p>\u00c7al\u0131\u015fma hayat\u0131nda i\u015fe al\u0131mlarda ki\u015finin epilepsili oldu\u011funu \u00f6\u011frenen i\u015fverenlerin genel tav\u0131rlar\u0131n\u0131n de\u011fi\u015fti\u011fi g\u00f6r\u00fclm\u00fc\u015ft\u00fcr. \u0130\u015f ortam\u0131nda yaralanma oran\u0131, i\u015fe gitmeme, hastal\u0131\u011fa ba\u011fl\u0131 i\u015f kayb\u0131 ve i\u015f \u00fcretimi a\u00e7\u0131s\u0131ndan bak\u0131ld\u0131\u011f\u0131nda epilepsili bireyler ile sa\u011fl\u0131kl\u0131 bireyler aras\u0131nda fark olmad\u0131\u011f\u0131 tekrarlanan \u00e7al\u0131\u015fmalarda g\u00f6sterilmi\u015ftir. Fakat toplumun epilepsiye bak\u0131\u015f\u0131 ve epilepsi hakk\u0131ndaki bilgisizliklerine ba\u011fl\u0131 olarak bu y\u00fcksek i\u015fsizlik oran\u0131 devam etmektedir.<\/p>\n\n\n\n<p>T\u00fcrkiye&#8217;de bir tak\u0131m koruyucu \u00f6nlemler olsa da bunlar\u0131n yeterli olmad\u0131\u011f\u0131 g\u00f6r\u00fclmektedir. \u0130\u015fverenler, 50 ve \u00fczeri s\u00fcrekli i\u015f\u00e7i \u00e7al\u0131\u015ft\u0131rd\u0131klar\u0131 i\u015fyerlerinde y\u00fczde 2 oran\u0131nda bedensel ve zihinsel engelli bireyi durumlar\u0131na uygun i\u015flerde \u00e7al\u0131\u015ft\u0131rmakla y\u00fck\u00fcml\u00fcd\u00fcr. Bu kanuna g\u00f6re, engelli birey; beden ve zihin g\u00fcc\u00fcnden y\u00fczde 40 ve daha fazla oranda yoksun oldu\u011funu resmi sa\u011fl\u0131k kurulu raporu ile belgelemi\u015f, bir i\u015f bulmakta genellikle zorluk \u00e7eken fakat herhangi bir i\u015fyerinde s\u00f6z konusu yetersizli\u011fe ra\u011fmen baz\u0131 i\u015fleri hemen veya k\u0131sa bir al\u0131\u015ft\u0131rma sonunda yapabilecek durumda olan kimselere denir. Ancak bu kanundan yararlanabilmek i\u00e7in epilepsili bireylerin tedaviye ra\u011fmen n\u00f6betlerinin devam etmesi gerekmekte, bu kanun remisyonda (kronik hastal\u0131\u011f\u0131 oldu\u011fu bilinen ki\u015filerde hastal\u0131k aktivitesinin bulunmad\u0131\u011f\u0131 durumlar) epilepsili bireylerin haklar\u0131n\u0131 koruyamamakta ve bu ki\u015filerin \u00f6nyarg\u0131larla i\u015fe al\u0131nmamalar\u0131 sorununu \u00e7\u00f6zmemektedir.<\/p>\n\n\n\n<p><strong>Epilepsi n\u00f6beti ge\u00e7iren birine nas\u0131l yakla\u015f\u0131lmal\u0131?&nbsp;<\/strong><\/p>\n\n\n\n<ul>\n<li>\u00d6ncelikle sakin olun. Hastan\u0131n yan\u0131ndan ayr\u0131lmay\u0131n, yard\u0131m \u00e7a\u011f\u0131rmak gerekiyorsa ba\u015fkas\u0131n\u0131 g\u00f6nderin.<\/li>\n\n\n\n<li>Hastan\u0131n hareketlerini durdurmaya ve\/veya engellemeye \u00e7al\u0131\u015fmay\u0131n.<\/li>\n\n\n\n<li>Hastay\u0131 g\u00fcvenli bir yere yat\u0131r\u0131n veya al\u0131n.<\/li>\n\n\n\n<li>Ucu sivri veya sert e\u015fyalar\u0131 hastan\u0131n yan\u0131ndan uzakla\u015ft\u0131rarak hastay\u0131 koruyun.<\/li>\n\n\n\n<li>S\u0131k\u0131 giysileri varsa gev\u015fetin (kravat, kemer gibi), g\u00f6zl\u00fc\u011f\u00fcn\u00fc \u00e7\u0131kar\u0131n.<\/li>\n\n\n\n<li>Sabit ve rahat olacak bir \u015fekilde onu bir tarafa do\u011fru yat\u0131r\u0131p, t\u00fck\u00fcr\u00fc\u011f\u00fcn\u00fcn d\u0131\u015far\u0131 akmas\u0131 sa\u011flay\u0131n. Rahat nefes almas\u0131 i\u00e7in m\u00fcmk\u00fcnse a\u011fz\u0131n\u0131 ve solunum yolunu a\u00e7\u0131k tutun.<\/li>\n\n\n\n<li>Asla a\u011fz\u0131na bir \u015fey sokmaya (\u00f6rne\u011fin di\u015flerini s\u0131k\u0131yorsa a\u00e7maya veya su vermeye) \u00e7al\u0131\u015fmay\u0131n.<\/li>\n\n\n\n<li>\u00c7ene ile ilgili zorlay\u0131c\u0131 hareketler zararl\u0131d\u0131r.<\/li>\n\n\n\n<li>N\u00f6bet s\u0131ras\u0131nda ila\u00e7 vermeye \u00e7al\u0131\u015fmay\u0131n. So\u011fan, kolonya vs. koklatmay\u0131n.<\/li>\n\n\n\n<li>Epilepsi krizinde yapay solunum veya kalp masaj\u0131na gerek yoktur.<\/li>\n\n\n\n<li>Hastan\u0131n \u00fczerinde epilepsili oldu\u011funu g\u00f6steren veya \u00f6yle ise sizin neler yapman\u0131z gerekti\u011fini a\u00e7\u0131klayan bir kart veya sa\u011fl\u0131k karnesi olup olmad\u0131\u011f\u0131na bak\u0131n.<\/li>\n\n\n\n<li>N\u00f6betinin bitmesini bekleyin.<\/li>\n\n\n\n<li>S\u0131kl\u0131kla n\u00f6bet sonras\u0131nda ki\u015fi yorgun, ne yapt\u0131\u011f\u0131n\u0131 bilemez haldedir, dolay\u0131s\u0131yla bu a\u015famada elinizden geldi\u011fince sakin ve g\u00fcven verici olun. A\u00e7\u0131k bir cama veya yola do\u011fru gitme gibi durumlarda yumu\u015fak\u00e7a engel olun.<\/li>\n\n\n\n<li>N\u00f6bet hakk\u0131nda verebilece\u011finiz b\u00fct\u00fcn bilgilerin hem hastaya hem de doktora yard\u0131mc\u0131 olaca\u011f\u0131n\u0131 unutmay\u0131n.&nbsp;<\/li>\n<\/ul>\n\n\n\n<p><strong>Hastalar neler yapmal\u0131?&nbsp;<\/strong><\/p>\n\n\n\n<ul>\n<li>Hastalar, hekim ve aileleri ile i\u015f birli\u011fi i\u00e7inde ila\u00e7lar\u0131n\u0131 d\u00fczenli olarak kullanmal\u0131.<\/li>\n\n\n\n<li>N\u00f6beti ba\u015flatan durumlar e\u011fer belliyse, n\u00f6beti tetikleyecek durumlardan uzak durulmal\u0131.<\/li>\n\n\n\n<li>Baz\u0131 n\u00f6bet tipleri uykusuzlukla uyar\u0131labildi\u011finden vardiyal\u0131 \u00e7al\u0131\u015fmalar ve n\u00f6bet gerektiren durumlarda bu t\u00fcr hastalarda d\u00fczenlemeler gerekir. Uzun s\u00fcreli a\u00e7l\u0131k, a\u015f\u0131r\u0131 yorgunluk da n\u00f6betleri tetikleyebilir.<\/li>\n\n\n\n<li>Baz\u0131 epilepsi t\u00fcrleri \u0131\u015f\u0131\u011fa duyarl\u0131 oldu\u011fundan bu t\u00fcr hastalar uzun s\u00fcre bilgisayar kar\u015f\u0131s\u0131nda \u00e7al\u0131\u015fmamal\u0131 ve televizyonu uzun s\u00fcre ve yak\u0131ndan seyretmemeli.&nbsp;<\/li>\n\n\n\n<li>Bu t\u00fcr hastalar g\u00fcne\u015fli havalarda \u015fapka giymeli ve g\u00fcne\u015f g\u00f6zl\u00fc\u011f\u00fc kullanmal\u0131. <strong>&nbsp;&nbsp;<\/strong><\/li>\n<\/ul>\n\n\n\n<p><strong>Abdi \u0130brahim Tower, epilepsi fark\u0131ndal\u0131\u011f\u0131 i\u00e7in mora b\u00fcr\u00fcnd\u00fc&nbsp;<\/strong><\/p>\n\n\n\n<p>D\u00fcnya Epilepsi G\u00fcn\u00fc, hastal\u0131\u011f\u0131n simgesi olan mor renkten hareketle Mor G\u00fcn olarak da biliniyor. Mor G\u00fcn fikri 2008\u2019de, Kanada\u2019da ya\u015fayan 10 ya\u015f\u0131ndaki epilepsili Cassidy Megan \u00f6nc\u00fcl\u00fc\u011f\u00fcnde ortaya \u00e7\u0131kt\u0131. Cassidy, baz\u0131 k\u00fclt\u00fcrlerde yaln\u0131zl\u0131\u011f\u0131 sembolize etti\u011fi ve epilepsililerin \u00e7o\u011funun maruz kald\u0131\u011f\u0131 toplumdan izole edilme hissini \u00e7a\u011fr\u0131\u015ft\u0131rd\u0131\u011f\u0131 i\u00e7in mor rengi tercih etti. Mor G\u00fcn etkinli\u011fi \u00e7er\u00e7evesinde her y\u0131l 26 Mart\u2019ta insanlar mor renkte giyinerek epilepsi ile ilgili fark\u0131ndal\u0131k yaratmaya \u00e7al\u0131\u015f\u0131yor. Abdi \u0130brahim de fark\u0131ndal\u0131k \u00e7al\u0131\u015fmalar\u0131na destek vermek amac\u0131yla, ge\u00e7mi\u015f senelerde oldu\u011fu gibi bu 26 Mart\u2019ta da \u0130stanbul Maslak\u2019taki genel m\u00fcd\u00fcrl\u00fck binas\u0131n\u0131 mor renkle \u0131\u015f\u0131kland\u0131rd\u0131.<\/p>\n","protected":false},"excerpt":{"rendered":"<p>T\u00fcrk Epilepsi ile Sava\u015f Derne\u011fi ve Abdi \u0130brahim, 26 Mart D\u00fcnya Epilepsi Fark\u0131ndal\u0131k G\u00fcn\u00fc kapsam\u0131nda \u0130stanbul Maslak\u2019ta bir etkinlik ger\u00e7ekle\u015ftirdi. T\u00fcrk ila\u00e7 sekt\u00f6r\u00fcn\u00fcn lideri Abdi \u0130brahim\u2019in ko\u015fulsuz katk\u0131lar\u0131yla ger\u00e7ekle\u015fen, \u2018Gelin Bug\u00fcn Epilepsi Konu\u015fal\u0131m \u2013 Epilepsi Korktu\u011fun Gibi De\u011fil\u2019 temal\u0131 etkinlikte, epilepsi hakk\u0131nda do\u011fru bilinen yanl\u0131\u015flara ve toplumdaki \u00f6n yarg\u0131lara de\u011finildi. \u00d6zellikle epilepsili bireylerin de \u00e7al\u0131\u015fabilece\u011fine dikkat \u00e7ekildi.<\/p>\n","protected":false},"author":1,"featured_media":3097,"comment_status":"closed","ping_status":"open","sticky":false,"template":"","format":"standard","meta":{"footnotes":""},"categories":[48,3],"tags":[],"_links":{"self":[{"href":"https:\/\/pharmaworlddergi.com\/index.php?rest_route=\/wp\/v2\/posts\/3096"}],"collection":[{"href":"https:\/\/pharmaworlddergi.com\/index.php?rest_route=\/wp\/v2\/posts"}],"about":[{"href":"https:\/\/pharmaworlddergi.com\/index.php?rest_route=\/wp\/v2\/types\/post"}],"author":[{"embeddable":true,"href":"https:\/\/pharmaworlddergi.com\/index.php?rest_route=\/wp\/v2\/users\/1"}],"replies":[{"embeddable":true,"href":"https:\/\/pharmaworlddergi.com\/index.php?rest_route=%2Fwp%2Fv2%2Fcomments&post=3096"}],"version-history":[{"count":1,"href":"https:\/\/pharmaworlddergi.com\/index.php?rest_route=\/wp\/v2\/posts\/3096\/revisions"}],"predecessor-version":[{"id":3098,"href":"https:\/\/pharmaworlddergi.com\/index.php?rest_route=\/wp\/v2\/posts\/3096\/revisions\/3098"}],"wp:featuredmedia":[{"embeddable":true,"href":"https:\/\/pharmaworlddergi.com\/index.php?rest_route=\/wp\/v2\/media\/3097"}],"wp:attachment":[{"href":"https:\/\/pharmaworlddergi.com\/index.php?rest_route=%2Fwp%2Fv2%2Fmedia&parent=3096"}],"wp:term":[{"taxonomy":"category","embeddable":true,"href":"https:\/\/pharmaworlddergi.com\/index.php?rest_route=%2Fwp%2Fv2%2Fcategories&post=3096"},{"taxonomy":"post_tag","embeddable":true,"href":"https:\/\/pharmaworlddergi.com\/index.php?rest_route=%2Fwp%2Fv2%2Ftags&post=3096"}],"curies":[{"name":"wp","href":"https:\/\/api.w.org\/{rel}","templated":true}]}}