{"id":3233,"date":"2024-04-14T16:37:12","date_gmt":"2024-04-14T13:37:12","guid":{"rendered":"https:\/\/pharmaworlddergi.com\/?p=3233"},"modified":"2024-04-15T15:48:40","modified_gmt":"2024-04-15T12:48:40","slug":"bahar-aylarini-kabusa-ceviren-alerji-hakkinda-bilinmesi-gerekenler","status":"publish","type":"post","link":"https:\/\/pharmaworlddergi.com\/bahar-aylarini-kabusa-ceviren-alerji-hakkinda-bilinmesi-gerekenler\/","title":{"rendered":"Bahar Aylar\u0131n\u0131 Kabusa \u00c7eviren Alerji Hakk\u0131nda Bilinmesi Gerekenler"},"content":{"rendered":"\n<p><strong>Bahar aylar\u0131n\u0131n gelmesi ile alevlenen alerji belirtileri ve alerji ataklar\u0131n\u0131 y\u00f6netmenin yollar\u0131 hakk\u0131nda bilinmesi gerekenleri G\u00f6\u011f\u00fcs Hastal\u0131klar\u0131 Uzman\u0131 Dr. Tu\u011f\u00e7e H\u00fcrkal anlatt\u0131.<\/strong><\/p>\n\n\n<div class=\"wp-block-image\">\n<figure class=\"alignleft size-large is-resized\"><img loading=\"lazy\" decoding=\"async\" width=\"768\" height=\"1024\" src=\"https:\/\/pharmaworlddergi.com\/wp-content\/uploads\/2024\/04\/Uzman-Doktor-Tugce-Hurkal-768x1024.jpg\" alt=\"\" class=\"wp-image-3235\" style=\"width:202px;height:auto\" srcset=\"https:\/\/pharmaworlddergi.com\/wp-content\/uploads\/2024\/04\/Uzman-Doktor-Tugce-Hurkal-768x1024.jpg 768w, https:\/\/pharmaworlddergi.com\/wp-content\/uploads\/2024\/04\/Uzman-Doktor-Tugce-Hurkal-225x300.jpg 225w, https:\/\/pharmaworlddergi.com\/wp-content\/uploads\/2024\/04\/Uzman-Doktor-Tugce-Hurkal-1152x1536.jpg 1152w, https:\/\/pharmaworlddergi.com\/wp-content\/uploads\/2024\/04\/Uzman-Doktor-Tugce-Hurkal-1536x2048.jpg 1536w, https:\/\/pharmaworlddergi.com\/wp-content\/uploads\/2024\/04\/Uzman-Doktor-Tugce-Hurkal-scaled.jpg 1920w\" sizes=\"(max-width: 768px) 100vw, 768px\" \/><\/figure><\/div>\n\n\n<p><strong>Alerji nedir?<\/strong><\/p>\n\n\n\n<p>V\u00fccudumuzdaki antikorlar\u0131n, ba\u015fka insanlar i\u00e7in zarars\u0131z olan maddelere kar\u015f\u0131 v\u00fccudun sava\u015f a\u00e7mas\u0131 ve reaksiyon g\u00f6stermesiyle alerji g\u00f6r\u00fcl\u00fcr. Bunu biraz daha a\u00e7\u0131klamak gerekirse ba\u011f\u0131\u015f\u0131kl\u0131k sistemi, zararl\u0131 maddeleri v\u00fccuttan uzak tutarak kendini savunmak i\u00e7in bu nesnelere kar\u015f\u0131 antikor \u00fcretir. Ancak alerjisi olan ki\u015filerde ba\u011f\u0131\u015f\u0131kl\u0131k sistemi, herhangi bir alerjen zararl\u0131 olmasa dahi zararl\u0131 olarak alg\u0131layan antikorlar \u00fcretir. Bundan dolay\u0131 bir alerjen ile temas eden ki\u015finin ba\u011f\u0131\u015f\u0131kl\u0131k sistemi reaksiyon g\u00f6sterir.<\/p>\n\n\n\n<p>Bu reaksiyon sonucunda bireyin sin\u00fcsleri, cildi, hava yollar\u0131 veya sindirim sistemi k\u0131zararak \u015fi\u015febilir. Reaksiyonlardan \u00f6t\u00fcr\u00fc geli\u015fen alerjilerin \u015fiddeti ise ki\u015fiden ki\u015fiye de\u011fi\u015febilir. Baz\u0131 ki\u015filerde ufak bir tahri\u015f bile olmazken, baz\u0131 ki\u015filerde ise anafilaksi dahi g\u00f6r\u00fclebilir.<\/p>\n\n\n\n<p><strong>Alerji s\u0131kl\u0131kla kimlerde g\u00f6r\u00fcl\u00fcr?<\/strong><\/p>\n\n\n\n<p>Alerji her ya\u015f grubunda g\u00f6r\u00fclebilir. \u00c7\u00fcnk\u00fc g\u00fcn\u00fcm\u00fczde a\u015f\u0131r\u0131 \u015fehirle\u015fme, olumsuz \u00e7evre fakt\u00f6rlerinin h\u0131zla artmas\u0131, do\u011fal beslenmeden uzakla\u015f\u0131lmas\u0131ndan dolay\u0131 \u00e7ocuktan ya\u015fl\u0131ya kadar her ya\u015f aral\u0131\u011f\u0131nda s\u0131kl\u0131kla g\u00f6r\u00fclebilir.<\/p>\n\n\n\n<p><strong>Alerjinin olma nedenleri ve risk fakt\u00f6rleri nelerdir?<\/strong><\/p>\n\n\n\n<p>Alerjinin olma nedenleri aras\u0131nda genetik fakt\u00f6rler etkili olabildi\u011fi gibi \u00e7evresel fakt\u00f6rler de olduk\u00e7a etkili oluyor.<\/p>\n\n\n\n<p>Alerji belirtileri ki\u015fiden ki\u015fiye farkl\u0131l\u0131k g\u00f6sterebilir. Genel olarak alerji belirtileri ka\u015f\u0131nt\u0131, kronik \u00f6ks\u00fcr\u00fck, burun t\u0131kan\u0131kl\u0131\u011f\u0131, v\u00fccutta \u015fi\u015flik, s\u0131k s\u0131k hap\u015f\u0131rma, nefes darl\u0131\u011f\u0131 ya da h\u0131r\u0131lt\u0131, v\u00fccutta d\u00f6k\u00fcnt\u00fc gibidir.<\/p>\n\n\n\n<p>Alerji ihmal edilmemesi gereken \u00e7ok \u00f6nemli bir konudur. Alerji tedavi edilmezse nefes darl\u0131\u011f\u0131, bulant\u0131, deride ka\u015f\u0131nt\u0131 gibi pek \u00e7ok rahats\u0131zl\u0131\u011fa neden olabilir. \u0130leri derecedeki vakalarda hastan\u0131n hayat\u0131n\u0131 kaybetmesine dahi yol a\u00e7abilir. Alerji durumundan \u015f\u00fcpheleniliyorsa mutlaka en k\u0131sa s\u00fcrede doktorunuza ba\u015fvurularak tedavi s\u00fcrecine ba\u015flanmas\u0131 gerekmektedir.<\/p>\n\n\n\n<p><strong>Alerji reaksiyonlar\u0131 s\u0131kl\u0131kla hangi zamanlar g\u00f6r\u00fcl\u00fcr?<\/strong><\/p>\n\n\n\n<p>Alerji reaksiyonlar\u0131 genel olarak mevsim ge\u00e7i\u015flerini ya\u015fad\u0131\u011f\u0131m\u0131z bahar ve sonbahar aylar\u0131nda daha s\u0131k g\u00f6r\u00fcl\u00fcr. Bahar\u0131n gelmesiyle a\u011fa\u00e7lar, bitkiler ye\u015ferir bu da asl\u0131nda \u00e7ok g\u00fczel bir g\u00f6r\u00fcnt\u00fcye neden olur. Ancak a\u011fa\u00e7lardan ve bitkilerden d\u00f6k\u00fclen polenlerden dolay\u0131 alerjik reaksiyonlar artar. Reaksiyonlar Mart ay\u0131ndan ba\u015flayarak bahar\u0131n biti\u015fine kadar s\u00fcrebilir. Bu d\u00f6nemde alerjik nezle, g\u00f6z alerjisi ve ast\u0131m \u015fik\u00e2yetleri daha fazla art\u0131yor.<\/p>\n\n\n\n<p><strong>Alerji tedavisi ve ataklar\u0131n \u00f6nlenmesi i\u00e7in nelere dikkat edilmesi gerekir?<\/strong><\/p>\n\n\n\n<p>Alerjik reaksiyon g\u00f6steren ki\u015finin bir ya\u015fam standard\u0131 olu\u015fturmas\u0131 gerekir. A\u00e7\u0131k alanlarda yapacaklar\u0131 aktiviteler konusunda iyi bir planlama yapmas\u0131 gerekir. Sportif faaliyetlerini olabildi\u011fince kapal\u0131 alanlarda yapmaya dikkat etmelidir. Eve gelindi\u011finde giysilerin de\u011fi\u015ftirilerek du\u015f al\u0131nmas\u0131, ki\u015finin \u00fcst\u00fcne yap\u0131\u015fan alerjenleri temizleyebilmek i\u00e7in faydal\u0131 olacakt\u0131r.<\/p>\n\n\n\n<p>Okullar ve \u00e7al\u0131\u015ft\u0131\u011f\u0131m\u0131z yerler zaman\u0131m\u0131z\u0131n \u00e7o\u011funu ge\u00e7irdi\u011fimiz ortamlard\u0131r. Buralarda da gerekli \u00f6nlemlerin al\u0131nmas\u0131 gerekir.<\/p>\n\n\n\n<p>Alerjik reaksiyon g\u00f6steren ki\u015fi i\u00e7in en sa\u011fl\u0131kl\u0131 y\u00f6nlendirmeyi gerekli tetkikler sonucunda uzman bir doktor yapacakt\u0131r. <strong><\/strong><\/p>\n","protected":false},"excerpt":{"rendered":"<p>Bahar aylar\u0131n\u0131n gelmesi ile alevlenen alerji belirtileri ve alerji ataklar\u0131n\u0131 y\u00f6netmenin yollar\u0131 hakk\u0131nda bilinmesi gerekenleri G\u00f6\u011f\u00fcs Hastal\u0131klar\u0131 Uzman\u0131 Dr. Tu\u011f\u00e7e H\u00fcrkal anlatt\u0131.<\/p>\n","protected":false},"author":1,"featured_media":3234,"comment_status":"closed","ping_status":"open","sticky":false,"template":"","format":"standard","meta":{"footnotes":""},"categories":[48,3],"tags":[],"_links":{"self":[{"href":"https:\/\/pharmaworlddergi.com\/wp-json\/wp\/v2\/posts\/3233"}],"collection":[{"href":"https:\/\/pharmaworlddergi.com\/wp-json\/wp\/v2\/posts"}],"about":[{"href":"https:\/\/pharmaworlddergi.com\/wp-json\/wp\/v2\/types\/post"}],"author":[{"embeddable":true,"href":"https:\/\/pharmaworlddergi.com\/wp-json\/wp\/v2\/users\/1"}],"replies":[{"embeddable":true,"href":"https:\/\/pharmaworlddergi.com\/wp-json\/wp\/v2\/comments?post=3233"}],"version-history":[{"count":3,"href":"https:\/\/pharmaworlddergi.com\/wp-json\/wp\/v2\/posts\/3233\/revisions"}],"predecessor-version":[{"id":3242,"href":"https:\/\/pharmaworlddergi.com\/wp-json\/wp\/v2\/posts\/3233\/revisions\/3242"}],"wp:featuredmedia":[{"embeddable":true,"href":"https:\/\/pharmaworlddergi.com\/wp-json\/wp\/v2\/media\/3234"}],"wp:attachment":[{"href":"https:\/\/pharmaworlddergi.com\/wp-json\/wp\/v2\/media?parent=3233"}],"wp:term":[{"taxonomy":"category","embeddable":true,"href":"https:\/\/pharmaworlddergi.com\/wp-json\/wp\/v2\/categories?post=3233"},{"taxonomy":"post_tag","embeddable":true,"href":"https:\/\/pharmaworlddergi.com\/wp-json\/wp\/v2\/tags?post=3233"}],"curies":[{"name":"wp","href":"https:\/\/api.w.org\/{rel}","templated":true}]}}