{"id":3291,"date":"2024-04-23T11:14:18","date_gmt":"2024-04-23T08:14:18","guid":{"rendered":"https:\/\/pharmaworlddergi.com\/?p=3291"},"modified":"2024-04-23T11:16:38","modified_gmt":"2024-04-23T08:16:38","slug":"humanis-organizasyonuyla-cermodernde-ataturke-adanmis-ozel-sergi","status":"publish","type":"post","link":"https:\/\/pharmaworlddergi.com\/humanis-organizasyonuyla-cermodernde-ataturke-adanmis-ozel-sergi\/","title":{"rendered":"Humanis Organizasyonuyla CerModern&#8217;de Atat\u00fcrk&#8217;e Adanm\u0131\u015f \u00d6zel Sergi"},"content":{"rendered":"\n<p><strong>\u0130la\u00e7 ve sa\u011fl\u0131k \u015firketi <\/strong><strong>Humanis\u2019in organizasyonuyla,<\/strong><strong> Ankara CerModern\u2019de <\/strong><strong>Karanl\u0131kta Akan Bir Y\u0131ld\u0131z: Mustafa Kemal Atat\u00fcrk Sergisi a\u00e7\u0131l\u0131yor. <\/strong><strong>T\u00fcrkiye Cumhuriyeti&#8217;nin kurucusunun aziz hat\u0131ras\u0131n\u0131 onurland\u0131rmak isteyen herkes i\u00e7in unutulmaz bir deneyim olacak sergi, Atat\u00fcrk&#8217;e duyulan derin sayg\u0131n\u0131n somut bir ifadesi olarak \u00f6ne \u00e7\u0131k\u0131yor.<\/strong><\/p>\n\n\n\n<p>Sekt\u00f6r\u00fcn en h\u0131zl\u0131 b\u00fcy\u00fcyen ila\u00e7 ve sa\u011fl\u0131k \u015firketi <strong>Humanis<\/strong> organizasyonuyla, <strong>Ankara CerModern&#8217;<\/strong>de <strong>Karanl\u0131kta Akan Bir Y\u0131ld\u0131z: Mustafa Kemal Atat\u00fcrk Sergisi<\/strong> d\u00fczenlenecek. <strong>26 Nisan Cuma, saat 19:00&#8242;<\/strong>da kap\u0131lar\u0131n\u0131 a\u00e7acak olan sergi, T\u00fcrkiye Cumhuriyeti&#8217;nin 100. y\u0131l\u0131na \u00f6zel bir kutlama niteli\u011fi ta\u015f\u0131yor. Sergi, ziyaret\u00e7ilerine Mustafa Kemal Atat\u00fcrk&#8217;\u00fcn ya\u015fam\u0131na ve d\u00f6nemin \u00f6nemli anlar\u0131na \u0131\u015f\u0131k tutan yay\u0131mlanmam\u0131\u015f foto\u011fraflar, ki\u015fisel e\u015fyalar ve d\u00f6neme ait belgelerden olu\u015fan \u00f6zel bir koleksiyon sunuyor.<\/p>\n\n\n\n<p><strong>Humanis<\/strong>, T\u00fcrkiye&#8217;nin \u00f6nde gelen ila\u00e7 ve sa\u011fl\u0131k \u015firketlerinden biri olarak, bu sergiyle Atat\u00fcrk&#8217;e duydu\u011fu sayg\u0131y\u0131 ve ba\u011fl\u0131l\u0131\u011f\u0131 g\u00f6steriyor. Sergi, T\u00fcrkiye Cumhuriyeti&#8217;nin kurucusu ve b\u00fcy\u00fck \u00f6nderi Mustafa Kemal Atat\u00fcrk&#8217;\u00fcn aziz hat\u0131ras\u0131na \u00f6zel bir sayg\u0131 g\u00f6stergesi olman\u0131n yan\u0131 s\u0131ra, ziyaret\u00e7ilere T\u00fcrkiye&#8217;nin k\u00f6kl\u00fc tarihini ve Atat\u00fcrk&#8217;\u00fcn etkileyici hayat\u0131n\u0131 yeniden ke\u015ffetme f\u0131rsat\u0131 da veriyor.<\/p>\n\n\n\n<p><strong>Karanl\u0131kta Akan Bir Y\u0131ld\u0131z: Mustafa Kemal Atat\u00fcrk Sergisi<\/strong>, <strong>26 Nisan<\/strong>&#8216;da <strong>Ankara CerModern&#8217;<\/strong>de ba\u015fl\u0131yor ve sanatseverlere unutulmaz bir deneyim sunmay\u0131 hedefliyor. Humanis organizasyonuyla ger\u00e7ekle\u015fen bu \u00f6zel sergi, Ankara CerModern&#8217;de tarih ve sanat tutkunlar\u0131 i\u00e7in b\u00fcy\u00fck bir bulu\u015fma noktas\u0131 olacak.<\/p>\n","protected":false},"excerpt":{"rendered":"<p>\u0130la\u00e7 ve sa\u011fl\u0131k \u015firketi Humanis\u2019in organizasyonuyla, Ankara CerModern\u2019de Karanl\u0131kta Akan Bir Y\u0131ld\u0131z: Mustafa Kemal Atat\u00fcrk Sergisi a\u00e7\u0131l\u0131yor. T\u00fcrkiye Cumhuriyeti&#8217;nin kurucusunun aziz hat\u0131ras\u0131n\u0131 onurland\u0131rmak isteyen herkes i\u00e7in unutulmaz bir deneyim olacak sergi, Atat\u00fcrk&#8217;e duyulan derin sayg\u0131n\u0131n somut bir ifadesi olarak \u00f6ne \u00e7\u0131k\u0131yor. Sekt\u00f6r\u00fcn en h\u0131zl\u0131 b\u00fcy\u00fcyen ila\u00e7 ve sa\u011fl\u0131k \u015firketi Humanis organizasyonuyla, Ankara CerModern&#8217;de Karanl\u0131kta Akan &hellip;<\/p>\n","protected":false},"author":1,"featured_media":3295,"comment_status":"closed","ping_status":"open","sticky":false,"template":"","format":"standard","meta":{"footnotes":""},"categories":[48,3],"tags":[],"_links":{"self":[{"href":"https:\/\/pharmaworlddergi.com\/wp-json\/wp\/v2\/posts\/3291"}],"collection":[{"href":"https:\/\/pharmaworlddergi.com\/wp-json\/wp\/v2\/posts"}],"about":[{"href":"https:\/\/pharmaworlddergi.com\/wp-json\/wp\/v2\/types\/post"}],"author":[{"embeddable":true,"href":"https:\/\/pharmaworlddergi.com\/wp-json\/wp\/v2\/users\/1"}],"replies":[{"embeddable":true,"href":"https:\/\/pharmaworlddergi.com\/wp-json\/wp\/v2\/comments?post=3291"}],"version-history":[{"count":1,"href":"https:\/\/pharmaworlddergi.com\/wp-json\/wp\/v2\/posts\/3291\/revisions"}],"predecessor-version":[{"id":3293,"href":"https:\/\/pharmaworlddergi.com\/wp-json\/wp\/v2\/posts\/3291\/revisions\/3293"}],"wp:featuredmedia":[{"embeddable":true,"href":"https:\/\/pharmaworlddergi.com\/wp-json\/wp\/v2\/media\/3295"}],"wp:attachment":[{"href":"https:\/\/pharmaworlddergi.com\/wp-json\/wp\/v2\/media?parent=3291"}],"wp:term":[{"taxonomy":"category","embeddable":true,"href":"https:\/\/pharmaworlddergi.com\/wp-json\/wp\/v2\/categories?post=3291"},{"taxonomy":"post_tag","embeddable":true,"href":"https:\/\/pharmaworlddergi.com\/wp-json\/wp\/v2\/tags?post=3291"}],"curies":[{"name":"wp","href":"https:\/\/api.w.org\/{rel}","templated":true}]}}