{"id":3572,"date":"2024-06-13T08:47:41","date_gmt":"2024-06-13T05:47:41","guid":{"rendered":"https:\/\/pharmaworlddergi.com\/?p=3572"},"modified":"2024-06-14T09:30:52","modified_gmt":"2024-06-14T06:30:52","slug":"abbvie-calisanina-verdigi-deger-ile-10-yildir-turkiyenin-en-iyi-isvereni","status":"publish","type":"post","link":"https:\/\/pharmaworlddergi.com\/abbvie-calisanina-verdigi-deger-ile-10-yildir-turkiyenin-en-iyi-isvereni\/","title":{"rendered":"AbbVie, \u00c7al\u0131\u015fan\u0131na Verdi\u011fi De\u011fer ile 10 Y\u0131ld\u0131r T\u00fcrkiye&#8217;nin En \u0130yi \u0130\u015fvereni"},"content":{"rendered":"\n<p><strong>AbbVie T\u00fcrkiye \u0130nsan Kaynaklar\u0131 Direkt\u00f6r\u00fc Dilek G\u00fcnd\u00fcz, \u015firketin 10 y\u0131ld\u0131r \u00fcst \u00fcste \u201cT\u00fcrkiye\u2019nin En \u0130yi \u0130\u015fvereni\u201d se\u00e7ilmesini sa\u011flayan ba\u015far\u0131l\u0131 uygulamalar\u0131 anlatt\u0131.<\/strong><\/p>\n\n\n\n<p><strong>\u00c7al\u0131\u015fan\u0131na de\u011fer veren firma olarak AbbVie\u2019de \u00e7al\u0131\u015fanlar\u0131n geli\u015fimlerine ve kariyer planlar\u0131na y\u00f6nelik ne gibi uygulamalar mevcut? Kendi i\u00e7inizden liderler yeti\u015ftirme konusuna bak\u0131\u015f a\u00e7\u0131n\u0131z nedir?<\/strong><\/p>\n\n\n\n<p>AbbVie olarak insan hayat\u0131n\u0131 de\u011fi\u015ftiren yenilik\u00e7i tedaviler geli\u015ftirebilmek i\u00e7in her \u015feyden \u00f6nce \u00e7ok seslili\u011fe ihtiya\u00e7 oldu\u011funa inan\u0131yoruz. Bu nedenle AbbVie\u2019de Hakkaniyet, E\u015fitlik, \u00c7e\u015fitlilik ve Kapsay\u0131c\u0131l\u0131k (EED&amp;I) yakla\u015f\u0131m\u0131yla kurulan zengin ekipler olu\u015fturmaya \u00f6zen g\u00f6steriyoruz. \u0130nsan Kaynaklar\u0131 stratejimizin ve uygulamalar\u0131m\u0131z\u0131n temelinde ayr\u0131ca AbbVie\u2019nin k\u00fclt\u00fcr\u00fc do\u011frultusunda geli\u015ftirilen \u201cYetenek Felsefemiz\u201d bulunuyor. Bunlar sayesinde yetenek y\u00f6netim s\u00fcre\u00e7lerimizi \u015feffafl\u0131kla y\u00fcr\u00fct\u00fcyoruz. Ki\u015fiye \u00f6zel planlamalarla; \u201cAbbVie Geli\u015fim Akademisi\u201d, \u201cAbility\u201d, \u201cThe Academy\u201d, \u201cLiderlik Forumu\u201d gibi g\u00fc\u00e7l\u00fc geli\u015fim programlar\u0131 ve karma \u00f6\u011frenme metodolojisi ile kurgulanm\u0131\u015f e\u011fitim s\u00fcre\u00e7leri gibi farkl\u0131 ara\u00e7larla \u00e7al\u0131\u015fanlar\u0131m\u0131z\u0131n geli\u015fimine destek oluyoruz. Ayr\u0131ca, \u00e7al\u0131\u015fanlar\u0131m\u0131z\u0131n neredeyse yar\u0131s\u0131 ve y\u00f6netim kurulumuzun %70\u2019i kad\u0131n \u00e7al\u0131\u015fanlardan olu\u015fuyor. \u0130mm\u00fcnoloji, G\u00f6z Sa\u011fl\u0131\u011f\u0131, Onkoloji, \u0130\u015f M\u00fckemmelle\u015ftirme, Pazara Eri\u015fim, Kurumsal \u0130li\u015fkiler, \u0130nsan Kaynaklar\u0131, Kurumsal \u0130leti\u015fim gibi \u00f6nemli fonksiyonlar\u0131n y\u00f6netiminde kad\u0131n liderlerimiz yer al\u0131yor. &nbsp;<\/p>\n\n\n\n<p><strong>AbbVie en iyi i\u015fverenlerin yer ald\u0131\u011f\u0131 2024 GPTW listesinde ilk s\u0131rada yer ald\u0131. Bu ba\u015far\u0131y\u0131 neye ba\u011fl\u0131yorsunuz?<\/strong><\/p>\n\n\n\n<p>\u0130nsan odakl\u0131 bak\u0131\u015f a\u00e7\u0131m\u0131zla her f\u0131rsatta \u00e7al\u0131\u015fanlar\u0131m\u0131z\u0131 dinliyor, onlar\u0131 \u0130nsan Kaynaklar\u0131 s\u00fcre\u00e7lerimizin birer par\u00e7as\u0131 haline getiriyoruz. \u00d6zg\u00fcn k\u00fclt\u00fcr\u00fcm\u00fcz ve ba\u015far\u0131l\u0131 uygulamalar\u0131m\u0131z sayesinde Great Place to Work Enstit\u00fcs\u00fc taraf\u0131ndan 10 y\u0131ld\u0131r \u00fcst \u00fcste \u201cT\u00fcrkiye\u2019nin En iyi \u0130\u015fvereni\u201d se\u00e7ilmenin gururunu ya\u015f\u0131yoruz. Bu ba\u015far\u0131m\u0131zla birlikte, \u015fimdiye kadar \u201cPharma\u2019n\u0131n En \u0130yi \u0130\u015fvereni\u201d, \u201cYa\u015fam Boyu \u00d6\u011frenme \u00d6d\u00fcl\u00fc\u201d ve \u201cDiversity (\u00c7e\u015fitlilik) \u00d6zel \u00d6d\u00fcl\u00fc\u201dn\u00fcn de bulundu\u011fu toplam 33 \u00f6d\u00fcl ald\u0131k. Bu \u00f6d\u00fcller, insan odakl\u0131 \u00e7al\u0131\u015fmalar\u0131m\u0131z\u0131n kar\u015f\u0131l\u0131\u011f\u0131n\u0131 buldu\u011funu bir kez daha ispatl\u0131yor ve bizleri gelecek y\u0131llarda \u00e7ok daha ba\u015far\u0131l\u0131 uygulamalar ortaya koymak i\u00e7in y\u00fcreklendiriyor.<\/p>\n\n\n\n<p><strong>\u00c7al\u0131\u015fan ba\u011fl\u0131l\u0131\u011f\u0131 i\u00e7in ne gibi projeler y\u00fcr\u00fct\u00fcyorsunuz?<\/strong><\/p>\n\n\n\n<p>\u00c7al\u0131\u015fan deneyimini geli\u015ftirmeye y\u00f6nelik uygulamalar\u0131m\u0131z\u0131 da yine \u00e7al\u0131\u015fanlar\u0131n \u00f6neri ve geri bildirimleri ile \u015fekillendiriyoruz. G\u00f6n\u00fcll\u00fc \u00e7al\u0131\u015fanlardan olu\u015fan \u201cAbbVie\u2019de Mutlu Ya\u015fam Ekibi\u201d, \u00e7al\u0131\u015fan deneyimini iyile\u015ftirmeye y\u00f6nelik \u00e7e\u015fitli uygulamalar\u0131, sosyal sorumluluk ve g\u00f6n\u00fcll\u00fcl\u00fck projelerini hayata ge\u00e7irirken, \u201cGen\u00e7 Dan\u0131\u015fma Kurulu\u201d gen\u00e7 neslin ihtiya\u00e7 ve beklentilerini y\u00f6netime aktaran bir k\u00f6pr\u00fc g\u00f6revi \u00fcstleniyor. <a>\u201c<\/a>AbbVie Vitality \u00c7al\u0131\u015fan Esenli\u011fi\u201d program\u0131 alt\u0131nda yer alan \u201cAbbVie in Motion\u201d inisiyatifi fiziksel egzersiz, sa\u011fl\u0131kl\u0131 beslenme ve i\u015f ya\u015fam odakl\u0131 aktivite ve programlarla \u00e7al\u0131\u015fanlar\u0131m\u0131z\u0131n daha sa\u011fl\u0131kl\u0131 ve mutlu bir ya\u015fam s\u00fcrmelerine destek oluyor. \u201cVitality \u00c7al\u0131\u015fan Destek Program\u0131\u201d t\u00fcm AbbVie\u2019lilere ve ailelerine \u00fccretsiz psikolojik destek sunuyor.<\/p>\n","protected":false},"excerpt":{"rendered":"<p>AbbVie T\u00fcrkiye \u0130nsan Kaynaklar\u0131 Direkt\u00f6r\u00fc Dilek G\u00fcnd\u00fcz, \u015firketin 10 y\u0131ld\u0131r \u00fcst \u00fcste \u201cT\u00fcrkiye\u2019nin En \u0130yi \u0130\u015fvereni\u201d se\u00e7ilmesini sa\u011flayan ba\u015far\u0131l\u0131 uygulamalar\u0131 anlatt\u0131.<\/p>\n","protected":false},"author":1,"featured_media":3592,"comment_status":"closed","ping_status":"open","sticky":false,"template":"","format":"standard","meta":{"footnotes":""},"categories":[48,3],"tags":[204,136,40,97],"_links":{"self":[{"href":"https:\/\/pharmaworlddergi.com\/wp-json\/wp\/v2\/posts\/3572"}],"collection":[{"href":"https:\/\/pharmaworlddergi.com\/wp-json\/wp\/v2\/posts"}],"about":[{"href":"https:\/\/pharmaworlddergi.com\/wp-json\/wp\/v2\/types\/post"}],"author":[{"embeddable":true,"href":"https:\/\/pharmaworlddergi.com\/wp-json\/wp\/v2\/users\/1"}],"replies":[{"embeddable":true,"href":"https:\/\/pharmaworlddergi.com\/wp-json\/wp\/v2\/comments?post=3572"}],"version-history":[{"count":1,"href":"https:\/\/pharmaworlddergi.com\/wp-json\/wp\/v2\/posts\/3572\/revisions"}],"predecessor-version":[{"id":3574,"href":"https:\/\/pharmaworlddergi.com\/wp-json\/wp\/v2\/posts\/3572\/revisions\/3574"}],"wp:featuredmedia":[{"embeddable":true,"href":"https:\/\/pharmaworlddergi.com\/wp-json\/wp\/v2\/media\/3592"}],"wp:attachment":[{"href":"https:\/\/pharmaworlddergi.com\/wp-json\/wp\/v2\/media?parent=3572"}],"wp:term":[{"taxonomy":"category","embeddable":true,"href":"https:\/\/pharmaworlddergi.com\/wp-json\/wp\/v2\/categories?post=3572"},{"taxonomy":"post_tag","embeddable":true,"href":"https:\/\/pharmaworlddergi.com\/wp-json\/wp\/v2\/tags?post=3572"}],"curies":[{"name":"wp","href":"https:\/\/api.w.org\/{rel}","templated":true}]}}