{"id":4089,"date":"2025-03-26T13:48:12","date_gmt":"2025-03-26T10:48:12","guid":{"rendered":"https:\/\/pharmaworlddergi.com\/?p=4089"},"modified":"2025-03-26T13:48:54","modified_gmt":"2025-03-26T10:48:54","slug":"berko-ilactan-bilecikte-yeni-uretim-tesisi-yatirimi","status":"publish","type":"post","link":"https:\/\/pharmaworlddergi.com\/berko-ilactan-bilecikte-yeni-uretim-tesisi-yatirimi\/","title":{"rendered":"Berko \u0130la\u00e7\u2019tan Bilecik\u2019te Yeni \u00dcretim Tesisi Yat\u0131r\u0131m\u0131"},"content":{"rendered":"\n<p><strong>\u2018Sa\u011fl\u0131kl\u0131 Yar\u0131nlara\u2019 vizyonuyla 41 y\u0131ld\u0131r insan sa\u011fl\u0131\u011f\u0131 i\u00e7in \u00fcreten ve \u00e7al\u0131\u015fan Berko \u0130la\u00e7, Bilecik Boz\u00fcy\u00fck\u2019te yeni \u00fcretim tesisi yat\u0131r\u0131m\u0131yla T\u00fcrk t\u0131bb\u0131na ve \u00fclke ekonomisine katk\u0131 sa\u011flamaya devam ediyor<\/strong><strong>.<\/strong><\/p>\n\n\n\n<p>Berko \u0130la\u00e7\u2019\u0131n yeni yat\u0131r\u0131m\u0131, Bilecik ili Boz\u00fcy\u00fck il\u00e7esinde yer alan, toplam kapal\u0131 alan\u0131 16.395 metrekare olan ve\u00a0beta laktam grubu antibiyotikler, hormon ve onkoloji ila\u00e7lar\u0131n\u0131n \u00fcretilece\u011fi 3 ayr\u0131 tesisin ilk etab\u0131n\u0131n \u00e7al\u0131\u015fmalar\u0131na ba\u015fland\u0131.<\/p>\n\n\n<div class=\"wp-block-image\">\n<figure class=\"alignleft size-large is-resized\"><img loading=\"lazy\" decoding=\"async\" width=\"1024\" height=\"576\" src=\"https:\/\/pharmaworlddergi.com\/wp-content\/uploads\/2025\/03\/Berko-Ilac_Bozuyuk-Uretim-Tesisleri-Ziyareti-1024x576.jpg\" alt=\"\" class=\"wp-image-4091\" style=\"width:228px;height:auto\" srcset=\"https:\/\/pharmaworlddergi.com\/wp-content\/uploads\/2025\/03\/Berko-Ilac_Bozuyuk-Uretim-Tesisleri-Ziyareti-1024x576.jpg 1024w, https:\/\/pharmaworlddergi.com\/wp-content\/uploads\/2025\/03\/Berko-Ilac_Bozuyuk-Uretim-Tesisleri-Ziyareti-300x169.jpg 300w, https:\/\/pharmaworlddergi.com\/wp-content\/uploads\/2025\/03\/Berko-Ilac_Bozuyuk-Uretim-Tesisleri-Ziyareti-768x432.jpg 768w, https:\/\/pharmaworlddergi.com\/wp-content\/uploads\/2025\/03\/Berko-Ilac_Bozuyuk-Uretim-Tesisleri-Ziyareti-1536x864.jpg 1536w, https:\/\/pharmaworlddergi.com\/wp-content\/uploads\/2025\/03\/Berko-Ilac_Bozuyuk-Uretim-Tesisleri-Ziyareti.jpg 1600w\" sizes=\"(max-width: 1024px) 100vw, 1024px\" \/><\/figure><\/div>\n\n\n<p>Berko \u0130la\u00e7 Boz\u00fcy\u00fck \u00dcretim Tesisi alan\u0131n\u0131 ziyaret eden Berko \u0130la\u00e7 CEO\u2019su Ecz. Bar\u0131\u015f \u00d6zyurtlu, ilk olarak Eski\u015fehir Eczac\u0131 Odas\u0131 Bilecik il temsilcili\u011finde a\u011f\u0131rland\u0131. Daha sonra Bilecik Valisi Sn. \u015eefik Ayg\u00f6l\u2019\u00fc makam\u0131nda ziyaret eden Ecz. \u00d6zyurtlu, Sn. Valiye Berko \u0130la\u00e7 Boz\u00fcy\u00fck \u00dcretim Tesisleri yat\u0131r\u0131m\u0131 hakk\u0131nda detayl\u0131 bilgi aktar\u0131m\u0131nda bulundu. Ziyaretine Boz\u00fcy\u00fck Organize Sanayi B\u00f6lgesi M\u00fcd\u00fcr\u00fc Sn. Cemal Gerem ile devam eden \u00d6zyurtlu, ziyareti sonras\u0131 \u00fcretim tesisi alan\u0131n\u0131 gezdi. \u00d6zyurtlu\u2019ya Eski\u015fehir Eczac\u0131 Odas\u0131 II. Ba\u015fkan\u0131 Sn. Ecz. Nagehan Kaya \u015eent\u00fcrk ve Eski\u015fehir Eczac\u0131 Odas\u0131 Veznedar\u0131 Sn. Ecz. Naz\u0131m \u00c7al\u0131\u015fkan e\u015flik etti. Ziyaret sonras\u0131 Eski\u015fehir Eczac\u0131 Odas\u0131na ge\u00e7en heyete, Eski\u015fehir Eczac\u0131 Odas\u0131 Ba\u015fkan\u0131 Sn. Ecz. Mustafa \u00c7elik, TEB Eczac\u0131lar Birli\u011fi Sayman\u0131 Sn. Ecz. U\u011fur Elik ve TEB Merkez Heyeti \u00dcyesi Sn. Ecz. Alper Pehlivanl\u0131 da kat\u0131ld\u0131.<\/p>\n\n\n\n<p>Berko \u0130la\u00e7 Boz\u00fcy\u00fck \u00dcretim Tesislerinde, toplam yat\u0131r\u0131m maliyetinin 2 milyar TL olacak ileri teknoloji ekipman parkuru ve altyap\u0131s\u0131yla, y\u0131lda 120 milyon kutu kapasiteli tesislerde, T\u00fcrkiye\u2019de hi\u00e7 \u00fcretilmeyen veya \u00e7ok az \u00fcretilen \u00fcr\u00fcnlerin ithal ikamesinin sa\u011flanmas\u0131 hedefleniyor. 100 ki\u015fi ile ba\u015flan\u0131p t\u00fcm etaplar tamamland\u0131\u011f\u0131nda 400 ki\u015fiye istihdam sa\u011flayacak bu \u00f6zel projenin ilk faz\u0131n\u0131n, 2026 y\u0131l\u0131 ikinci yar\u0131s\u0131nda devreye al\u0131nmas\u0131 planlan\u0131yor.<\/p>\n\n\n\n<p>Ziyaret sonras\u0131 Berko \u0130la\u00e7 CEO\u2019su Ecz. Bar\u0131\u015f \u00d6zyurtlu, \u201cBilecik ili Boz\u00fcy\u00fck il\u00e7esinde yer alan yeni fabrika yat\u0131r\u0131m\u0131m\u0131z i\u00e7in \u00e7al\u0131\u015fmalar\u0131m\u0131za ba\u015flad\u0131k. Fabrika alan\u0131na ve Bilecik\u2019e ger\u00e7ekle\u015ftirdi\u011fimiz ilk ziyaretlerimizde bizleri a\u011f\u0131rlayan ve yaln\u0131z b\u0131rakmayan Sn. Valimize, Eski\u015fehir Eczac\u0131 Odas\u0131n\u0131n de\u011ferli ba\u015fkan\u0131 ve y\u00f6netim kurulu temsilcilerine, Boz\u00fcy\u00fck OSB\u2019nin de\u011ferli m\u00fcd\u00fcr\u00fc ve TEB\u2019in (T\u00fcrk Eczac\u0131lar\u0131 Birli\u011fi) de\u011ferli y\u00f6netim kurulu temsilcilerine te\u015fekk\u00fcrlerimi sunar\u0131m. Berko \u0130la\u00e7 olarak yenilik\u00e7i tedavilerimizle ve sa\u011fl\u0131kl\u0131 yar\u0131nlara ula\u015fmada \u00f6nc\u00fc olma yakla\u015f\u0131m\u0131m\u0131zla 41 y\u0131ld\u0131r insan sa\u011fl\u0131\u011f\u0131na de\u011fer kat\u0131yoruz.&nbsp;T\u00fcrk ila\u00e7 sekt\u00f6r\u00fcn\u00fcn ve \u00fclke ekonomisinin s\u00fcrd\u00fcr\u00fclebilir olu\u015fumuna 41 y\u0131ld\u0131r kesintisiz katk\u0131 sa\u011fl\u0131yoruz. \u00d6n\u00fcm\u00fczdeki d\u00f6nem hedefimiz ise yeni fabrika yat\u0131r\u0131m\u0131m\u0131zla ve artan istihdam\u0131m\u0131zla, yerli ve yenilik\u00e7i \u00fcr\u00fcnlerimizle \u00fclke ekonomisine ve insan sa\u011fl\u0131\u011f\u0131na katk\u0131 sa\u011flamaya devam etmek y\u00f6n\u00fcnde\u201d \u015feklinde a\u00e7\u0131klama yapt\u0131.<\/p>\n","protected":false},"excerpt":{"rendered":"<p>\u2018Sa\u011fl\u0131kl\u0131 Yar\u0131nlara\u2019 vizyonuyla 41 y\u0131ld\u0131r insan sa\u011fl\u0131\u011f\u0131 i\u00e7in \u00fcreten ve \u00e7al\u0131\u015fan Berko \u0130la\u00e7, Bilecik Boz\u00fcy\u00fck\u2019te yeni \u00fcretim tesisi yat\u0131r\u0131m\u0131yla T\u00fcrk t\u0131bb\u0131na ve \u00fclke ekonomisine katk\u0131 sa\u011flamaya devam ediyor.<\/p>\n","protected":false},"author":1,"featured_media":4090,"comment_status":"closed","ping_status":"open","sticky":false,"template":"","format":"standard","meta":{"footnotes":""},"categories":[48,3],"tags":[],"_links":{"self":[{"href":"https:\/\/pharmaworlddergi.com\/wp-json\/wp\/v2\/posts\/4089"}],"collection":[{"href":"https:\/\/pharmaworlddergi.com\/wp-json\/wp\/v2\/posts"}],"about":[{"href":"https:\/\/pharmaworlddergi.com\/wp-json\/wp\/v2\/types\/post"}],"author":[{"embeddable":true,"href":"https:\/\/pharmaworlddergi.com\/wp-json\/wp\/v2\/users\/1"}],"replies":[{"embeddable":true,"href":"https:\/\/pharmaworlddergi.com\/wp-json\/wp\/v2\/comments?post=4089"}],"version-history":[{"count":2,"href":"https:\/\/pharmaworlddergi.com\/wp-json\/wp\/v2\/posts\/4089\/revisions"}],"predecessor-version":[{"id":4093,"href":"https:\/\/pharmaworlddergi.com\/wp-json\/wp\/v2\/posts\/4089\/revisions\/4093"}],"wp:featuredmedia":[{"embeddable":true,"href":"https:\/\/pharmaworlddergi.com\/wp-json\/wp\/v2\/media\/4090"}],"wp:attachment":[{"href":"https:\/\/pharmaworlddergi.com\/wp-json\/wp\/v2\/media?parent=4089"}],"wp:term":[{"taxonomy":"category","embeddable":true,"href":"https:\/\/pharmaworlddergi.com\/wp-json\/wp\/v2\/categories?post=4089"},{"taxonomy":"post_tag","embeddable":true,"href":"https:\/\/pharmaworlddergi.com\/wp-json\/wp\/v2\/tags?post=4089"}],"curies":[{"name":"wp","href":"https:\/\/api.w.org\/{rel}","templated":true}]}}