{"id":4638,"date":"2026-03-12T13:00:33","date_gmt":"2026-03-12T10:00:33","guid":{"rendered":"https:\/\/pharmaworlddergi.com\/?p=4638"},"modified":"2026-03-12T18:10:26","modified_gmt":"2026-03-12T15:10:26","slug":"sinsi-ilerleyen-kronik-bobrek-hastaligina-dikkat-erken-tani-kritik","status":"publish","type":"post","link":"https:\/\/pharmaworlddergi.com\/?p=4638","title":{"rendered":"Sinsi \u0130lerleyen Kronik B\u00f6brek Hastal\u0131\u011f\u0131na Dikkat: Erken Tan\u0131 Kritik"},"content":{"rendered":"\n<p><strong>D\u00fcnya genelinde ve \u00fclkemizde h\u0131zla yay\u0131lan kronik b\u00f6brek hastal\u0131\u011f\u0131na dikkat \u00e7ekmek amac\u0131yla, AstraZeneca T\u00fcrkiye, T\u00fcrk Nefroloji Derne\u011fi ve Aile Hekimleri Dernekleri Federasyonu i\u015f birli\u011fiyle \u201cSa\u011fl\u0131kl\u0131 B\u00f6brek, Sa\u011fl\u0131kl\u0131 Hayat\u201d fark\u0131ndal\u0131k kampanyas\u0131 hayata ge\u00e7irildi. 12 Mart D\u00fcnya B\u00f6brek G\u00fcn\u00fc kapsam\u0131nda tan\u0131t\u0131lan proje; sinsi ilerleyen bu hastal\u0131\u011fa kar\u015f\u0131 erken tan\u0131n\u0131n ve d\u00fczenli sa\u011fl\u0131k kontrollerinin hayati \u00f6nemini vurguluyor. Toplant\u0131da annesinin b\u00f6brek t\u00fcm\u00f6r\u00fc sonras\u0131 ba\u015flayan diyaliz ve nakil s\u00fcrecini anlatan T\u00fclin \u015eahin ile \u00e7ok gen\u00e7 ya\u015f\u0131nda kronik b\u00f6brek hastal\u0131\u011f\u0131 tan\u0131s\u0131 alarak annesinin ba\u011f\u0131\u015f\u0131yla nakil olan Duygu Bay\u0131nd\u0131r samimi hik\u00e2yelerini payla\u015ft\u0131.<\/strong><\/p>\n\n\n\n<p>K\u00fcresel \u00f6l\u00e7ekte her 10 ki\u015fiden 1\u2019ini etkileyen kronik b\u00f6brek hastal\u0131\u011f\u0131 (KBH), erken evrelerde belirti vermeden ilerlemesi nedeniyle \u00e7o\u011fu zaman ge\u00e7 fark ediliyor. Oysa hastal\u0131k, yaln\u0131zca bireylerin ya\u015fam kalitesini de\u011fil; ailelerini ve sa\u011fl\u0131k sistemlerini de derinden etkileyen \u00f6nemli bir halk sa\u011fl\u0131\u011f\u0131 sorunu. Ara\u015ft\u0131rmalara g\u00f6re d\u00fcnya n\u00fcfusunun y\u00fczde 10\u2019undan fazlas\u0131n\u0131 etkileyen bu hastal\u0131\u011f\u0131n 2040 y\u0131l\u0131na kadar d\u00fcnya genelinde en s\u0131k \u00f6l\u00fcm nedenleri aras\u0131nda be\u015finci s\u0131rada olmas\u0131 bekleniyor. T\u00fcrkiye\u2019de de her 7 yeti\u015fkinden biri kronik b\u00f6brek hastal\u0131\u011f\u0131 ile m\u00fccadele ediyor.<\/p>\n\n\n\n<p>Bu \u00e7arp\u0131c\u0131 tabloya dikkat \u00e7ekmek amac\u0131yla 12 Mart D\u00fcnya B\u00f6brek G\u00fcn\u00fc kapsam\u0131nda AstraZeneca T\u00fcrkiye, T\u00fcrk Nefroloji Derne\u011fi ve Aile Hekimleri Dernekleri Federasyonu i\u015f birli\u011fiyle \u00f6nemli bir fark\u0131ndal\u0131k projesi hayata ge\u00e7irildi ve \u201cSa\u011fl\u0131kl\u0131 B\u00f6brek, Sa\u011fl\u0131kl\u0131 Hayat\u201d isimli video serisinin tan\u0131t\u0131m\u0131 yap\u0131ld\u0131. Model T\u00fclin \u015eahin\u2019in moderat\u00f6rl\u00fc\u011f\u00fcnde ger\u00e7ekle\u015fen toplant\u0131da; kronik b\u00f6brek hastal\u0131\u011f\u0131 hekim, hasta ve hasta yak\u0131n\u0131 perspektifinden ele al\u0131nd\u0131. A\u00e7\u0131l\u0131\u015f konu\u015fmas\u0131n\u0131 AstraZeneca T\u00fcrkiye \u00dclke Ba\u015fkan\u0131 Dr. M\u00fcnevver G\u00f6nen\u00e7\u2019in yapt\u0131\u011f\u0131 toplant\u0131da T\u00fcrk Nefroloji Derne\u011fi Ba\u015fkan\u0131 Prof. Dr. Ayd\u0131n T\u00fcrkmen ve Aile Hekimleri Dernekleri Federasyonu Ba\u015fkan\u0131 Dr. Taner Balbay yapt\u0131klar\u0131 \u00e7al\u0131\u015fmalar ve hastal\u0131kla ilgili \u00f6nemli bilgileri aktard\u0131. Bir hasta yak\u0131n\u0131 olan T\u00fclin \u015eahin ve kronik b\u00f6brek hastas\u0131 Duygu Bay\u0131nd\u0131r\u2019\u0131n ya\u015fad\u0131klar\u0131 deneyimleri payla\u015ft\u0131\u011f\u0131 toplant\u0131, duygusal anlara da sahne oldu.<\/p>\n\n\n\n<p>Toplant\u0131da tan\u0131t\u0131m\u0131 yap\u0131lan, toplam d\u00f6rt b\u00f6l\u00fcmden olu\u015fan, \u201cSa\u011fl\u0131kl\u0131 B\u00f6brek, Sa\u011fl\u0131kl\u0131 Hayat\u201d video serisinin ilk videosu da yay\u0131mland\u0131. Serinin tamam\u0131 ilerleyen g\u00fcnlerde YouTube\u2019daki <a href=\"https:\/\/www.youtube.com\/@AstraZenecaT%C3%BCrkiye\">AstraZeneca T\u00fcrkiye kanal\u0131<\/a> \u00fczerinden yay\u0131mlanacak. Videolarda hekim g\u00f6r\u00fc\u015flerinin yan\u0131 s\u0131ra hasta ve hasta yak\u0131nlar\u0131n\u0131n ger\u00e7ek ya\u015fam deneyimlerine yer veriliyor. B\u00f6ylelikle hastal\u0131\u011f\u0131n erken tan\u0131 ile kontrol alt\u0131na al\u0131nabilece\u011fine dair fark\u0131ndal\u0131\u011f\u0131 art\u0131rmak ve toplumda d\u00fczenli sa\u011fl\u0131k kontrol\u00fc al\u0131\u015fkanl\u0131\u011f\u0131n\u0131 g\u00fc\u00e7lendirmek hedefleniyor.<\/p>\n\n\n\n<p><strong>\u201cD\u00fczenli kontrollerle sa\u011fl\u0131kl\u0131 bir gelece\u011fin m\u00fcmk\u00fcn oldu\u011fu mesaj\u0131n\u0131 yaymak istiyoruz\u201d<\/strong>&nbsp;<\/p>\n\n\n\n<p><strong>AstraZeneca T\u00fcrkiye \u00dclke Ba\u015fkan\u0131 Dr. M\u00fcnevver G\u00f6nen\u00e7<\/strong>, toplant\u0131da yapt\u0131\u011f\u0131&nbsp;a\u00e7\u0131l\u0131\u015f konu\u015fmas\u0131nda&nbsp;sa\u011fl\u0131k alan\u0131nda kal\u0131c\u0131 de\u011fer yaratman\u0131n yaln\u0131zca yenilik\u00e7i tedavileri sunmakla s\u0131n\u0131rl\u0131 olmad\u0131\u011f\u0131n\u0131, fark\u0131ndal\u0131k ve erken tan\u0131 \u00e7al\u0131\u015fmalar\u0131yla&nbsp;bu hastal\u0131kla m\u00fccadelede \u00e7ok daha \u00f6nemli ilerlemelerin kaydedilebilece\u011fini&nbsp;vurgulad\u0131. G\u00f6nen\u00e7,&nbsp;bu nedenle&nbsp;AstraZeneca\u2019n\u0131n bilimin s\u0131n\u0131rlar\u0131n\u0131 zorlayan&nbsp;bilimsel \u00e7al\u0131\u015fmalar\u0131n\u0131&nbsp;kapsay\u0131c\u0131l\u0131k ve toplumsal etki&nbsp;projeleri ile&nbsp;birle\u015ftirdi\u011fini belirterek, \u201cBilimin&nbsp;bug\u00fcn imk\u00e2ns\u0131z gibi g\u00f6r\u00fcnenleri gelecekte m\u00fcmk\u00fcn hale getirebilece\u011fine&nbsp;olan inanc\u0131m\u0131zla, toplum sa\u011fl\u0131\u011f\u0131na katk\u0131da bulunmay\u0131 en b\u00fcy\u00fck \u00f6nceli\u011fimiz olarak g\u00f6r\u00fcyoruz. Kronik b\u00f6brek hastal\u0131\u011f\u0131 gibi&nbsp;bireylerin yan\u0131 s\u0131ra aileleri de dahil olmak \u00fczere&nbsp;toplumun geni\u015f bir kesimini etkileyen ve sa\u011fl\u0131k sistemi \u00fczerinde b\u00fcy\u00fck y\u00fck olu\u015fturan&nbsp;bu hastal\u0131\u011fa dair&nbsp;fark\u0131ndal\u0131k yaratmak&nbsp;da&nbsp;sosyal sorumluluk anlay\u0131\u015f\u0131m\u0131z\u0131n temel bir par\u00e7as\u0131. Bu proje ile erken tan\u0131 ve d\u00fczenli kontrollerle sa\u011fl\u0131kl\u0131 bir gelece\u011fin m\u00fcmk\u00fcn oldu\u011fu mesaj\u0131n\u0131 t\u00fcm T\u00fcrkiye\u2019ye yaymak istiyoruz\u201d&nbsp;dedi.&nbsp;<\/p>\n\n\n\n<p><strong>\u201cBelirtiler ba\u015flad\u0131\u011f\u0131nda hastal\u0131k \u00e7oktan ilerlemi\u015f olabiliyor\u201d<\/strong><\/p>\n\n\n\n<p><strong>T\u00fcrk Nefroloji Derne\u011fi Ba\u015fkan\u0131 Prof. Dr. Ayd\u0131n T\u00fcrkmen<\/strong> ise kronik b\u00f6brek hastal\u0131\u011f\u0131n\u0131n \u00fc\u00e7 aydan uzun s\u00fcren kal\u0131c\u0131 b\u00f6brek fonksiyon bozuklu\u011fu olarak tan\u0131mland\u0131\u011f\u0131n\u0131 ve T\u00fcrkiye\u2019de yakla\u015f\u0131k 9-10 milyon ki\u015fiyi1 etkiledi\u011fini belirtti\u011fi konu\u015fmas\u0131nda \u015fu bilgileri payla\u015ft\u0131: \u201cB\u00f6brekler, v\u00fccudumuzdaki zararl\u0131 maddelerin at\u0131lmas\u0131n\u0131 sa\u011flayan hayati organlar\u0131m\u0131zd\u0131r ve fonksiyonlar\u0131n\u0131 kaybetmeleri ya\u015fam\u0131 derinden etkiler. Hastal\u0131k sinsi ilerledi\u011fi i\u00e7in pek \u00e7ok ki\u015fi durumun fark\u0131nda olmuyor; ancak halsizlik ve i\u015ftahs\u0131zl\u0131k gibi belirtiler ba\u015flad\u0131\u011f\u0131nda hastal\u0131k \u00e7oktan ilerlemi\u015f olabiliyor. \u00d6zellikle diyabet ve hipertansiyon hastalar\u0131 ile 60 ya\u015f \u00fczerindeki bireylerin d\u00fczenli kontrol yapt\u0131rmas\u0131 b\u00fcy\u00fck \u00f6nem ta\u015f\u0131yor. Erken tan\u0131 konuldu\u011funda hastal\u0131\u011f\u0131n ilerlemesini yava\u015flatmak m\u00fcmk\u00fcn. Bu nedenle fark\u0131ndal\u0131k \u00e7al\u0131\u015fmalar\u0131 yapmak ve erken tan\u0131n\u0131n \u00f6nemine dair mesajlar\u0131 geni\u015f kitlelere ula\u015ft\u0131rmak olduk\u00e7a \u00f6nemli.\u201d<\/p>\n\n\n\n<p><strong>\u201cBasit kan ve idrar testleri b\u00f6brek sa\u011fl\u0131\u011f\u0131 a\u00e7\u0131s\u0131ndan \u00f6nemli veriler sa\u011flar\u201d<\/strong><\/p>\n\n\n\n<p>Konu\u015fmas\u0131nda aile hekimlerinin kronik hastal\u0131klar\u0131n erken tespiti ve takibindeki kilit rol\u00fcne dikkat \u00e7eken <strong>Aile Hekimleri Dernekleri Federasyonu Ba\u015fkan\u0131 Dr. Taner Balbay<\/strong> da \u201cT\u00fcrkiye genelindeki 30 bin aile hekimimiz, hastalar\u0131n sa\u011fl\u0131k sistemiyle ilk temas noktas\u0131. Her aile hekimi ortalama 3 bin hastaya hizmet vererek koruyucu sa\u011fl\u0131k hizmetlerinin temelini olu\u015fturuyor. KBH gibi ilerleyici hastal\u0131klar\u0131n erken te\u015fhisi i\u00e7in vatanda\u015flar\u0131m\u0131z\u0131n y\u0131lda en az bir kez aile sa\u011fl\u0131\u011f\u0131 merkezlerine giderek basit kan ve idrar testlerini yapt\u0131rmalar\u0131 b\u00f6brek sa\u011fl\u0131\u011f\u0131n\u0131n yan\u0131 s\u0131ra t\u00fcm v\u00fccut sa\u011fl\u0131\u011f\u0131 a\u00e7\u0131s\u0131ndan da \u00f6nemli veriler sa\u011flar. Ayr\u0131ca b\u00f6brek sa\u011fl\u0131\u011f\u0131n\u0131 korumak i\u00e7in g\u00fcnde 2-2,5 litre su t\u00fcketimi, tuzun azalt\u0131lmas\u0131 ve g\u00fcnde ortalama 30 dakikal\u0131k y\u00fcr\u00fcy\u00fc\u015f gibi al\u0131\u015fkanl\u0131klar\u0131n kazan\u0131lmas\u0131 da kritik \u00f6neme sahip. &#8216;Sa\u011fl\u0131kl\u0131 B\u00f6brek Sa\u011fl\u0131kl\u0131 Hayat&#8217; projesi ile bu basit ama hayat kurtaran ad\u0131mlar\u0131n t\u00fcm toplumda benimsenmesini ama\u00e7l\u0131yoruz.\u201d<\/p>\n\n\n\n<p><strong>\u201cAnnemin b\u00f6bre\u011finde t\u00fcm\u00f6r tespit edildi\u011finde hayat\u0131m\u0131z tamamen de\u011fi\u015fti\u201d<\/strong><\/p>\n\n\n\n<p>Toplant\u0131n\u0131n moderat\u00f6rl\u00fc\u011f\u00fcn\u00fc \u00fcstlenen <strong>T\u00fclin \u015eahin<\/strong> ise bir hasta yak\u0131n\u0131 olarak ya\u015fad\u0131klar\u0131n\u0131 payla\u015farak kronik b\u00f6brek hastal\u0131\u011f\u0131n\u0131n yaln\u0131zca hastay\u0131 de\u011fil t\u00fcm aileyi etkileyen bir s\u00fcre\u00e7 oldu\u011funu anlatt\u0131. Annesinin b\u00f6brek t\u00fcm\u00f6r\u00fc nedeniyle b\u00f6bre\u011finin al\u0131nd\u0131\u011f\u0131n\u0131 ve ard\u0131ndan diyaliz s\u00fcrecine girildi\u011fini s\u00f6yleyen \u015eahin, s\u00fcrecin duygusal ve fiziksel zorluklar\u0131n\u0131 \u015fu s\u00f6zlerle payla\u015ft\u0131: \u201cBir b\u00f6brek hastas\u0131 yak\u0131n\u0131 olmak, asl\u0131nda o s\u00fcre\u00e7te hastayla birlikte her \u015feyi ya\u015famak demek. Annemin b\u00f6bre\u011finde t\u00fcm\u00f6r tespit edilip diyaliz s\u00fcreci ba\u015flad\u0131\u011f\u0131nda hayat\u0131m\u0131z tamamen de\u011fi\u015fti. Haftada iki g\u00fcn, saatlerce s\u00fcren diyaliz seanslar\u0131nda kap\u0131da beklemek, hayat\u0131n\u0131z\u0131 bu takvime g\u00f6re organize etmek hem fiziksel hem de ruhsal olarak \u00e7ok y\u0131prat\u0131c\u0131yd\u0131. Anneme b\u00f6brek nakli yap\u0131lmas\u0131 bizim i\u00e7in yeni bir umut ve d\u00f6n\u00fcm noktas\u0131 oldu. Bu s\u00fcre\u00e7 bana sa\u011fl\u0131\u011f\u0131n, organ ba\u011f\u0131\u015f\u0131n\u0131n ve en \u00f6nemlisi d\u00fczenli kontrollerin ne kadar de\u011ferli oldu\u011funu \u00f6\u011fretti. Erken tan\u0131 imk\u00e2n\u0131 varken bunu ihmal etmemek gerekiyor.\u201d<\/p>\n\n\n\n<p><strong>\u201cNakil olduktan sonra b\u00f6bre\u011fin \u00f6m\u00fcr boyu sorunsuz \u00e7al\u0131\u015fmayabilece\u011fini bu s\u00fcre\u00e7te \u00f6\u011frendim\u201d<\/strong><\/p>\n\n\n\n<p><strong>Kronik b\u00f6brek hastas\u0131 Duygu Bay\u0131nd\u0131r<\/strong> da \u00e7ok gen\u00e7 ya\u015fta ald\u0131\u011f\u0131 tan\u0131dan bug\u00fcne uzanan 18 y\u0131ll\u0131k sa\u011fl\u0131k yolculu\u011funu payla\u015ft\u0131. Hen\u00fcz 19 ya\u015f\u0131ndayken b\u00f6brek fonksiyonlar\u0131n\u0131n yakla\u015f\u0131k y\u00fczde 70\u2019ini kaybetti\u011fini \u00f6\u011frendi\u011fini belirten Bay\u0131nd\u0131r, annesinin b\u00f6bre\u011fini ba\u011f\u0131\u015flamas\u0131yla nakil oldu\u011funu ve sonras\u0131nda ba\u011f\u0131\u015f\u0131kl\u0131k bask\u0131lay\u0131c\u0131 tedavilerle ya\u015fam\u0131n\u0131 disiplinli bir \u015fekilde s\u00fcrd\u00fcrd\u00fc\u011f\u00fcn\u00fc anlatt\u0131. Bay\u0131nd\u0131r konu\u015fmas\u0131n\u0131n devam\u0131nda duygular\u0131n\u0131 \u015fu s\u00f6zlerle aktard\u0131: \u201c19 ya\u015f\u0131mda tan\u0131\u015ft\u0131\u011f\u0131m bu hastal\u0131k bana sabr\u0131 ve dayan\u0131kl\u0131l\u0131\u011f\u0131 \u00f6\u011fretti. Annemin b\u00f6bre\u011fiyle yap\u0131lan nakil sonras\u0131 hayat\u0131m\u0131 art\u0131k bamba\u015fka bir \u015fekilde s\u00fcrd\u00fcrmeye ba\u015flad\u0131m. Hijyenden beslenmeye kadar her ad\u0131mda dikkatli olmam gerekiyor. Kronik b\u00f6brek hastal\u0131\u011f\u0131 uzun soluklu bir s\u00fcre\u00e7 ve zamanla ilerleyebiliyor. \u015eu anda hastal\u0131\u011f\u0131m 4. evrede ve ikinci bir nakil ihtimali g\u00fcndeme gelmi\u015f durumda. Nakil olduktan sonra b\u00f6bre\u011fin \u00f6m\u00fcr boyu sorunsuz \u00e7al\u0131\u015fmayabilece\u011fini bu s\u00fcre\u00e7te \u00f6\u011frendim. Bu nedenle d\u00fczenli kontroller ve tedaviler hayat\u0131m\u0131n \u00f6nemli bir par\u00e7as\u0131 oldu.\u201d<\/p>\n\n\n\n<p>\u201cSa\u011fl\u0131kl\u0131 B\u00f6brek, Sa\u011fl\u0131kl\u0131 Hayat\u201d video serisine <a href=\"https:\/\/www.youtube.com\/@AstraZenecaT%C3%BCrkiye\">buradan<\/a> ula\u015fabilirsiniz.<\/p>\n\n\n\n<hr class=\"wp-block-separator has-alpha-channel-opacity\"\/>\n\n\n\n<p><a href=\"#_ftnref1\" id=\"_ftn1\"><\/a>&nbsp;<\/p>\n","protected":false},"excerpt":{"rendered":"<p>D\u00fcnya genelinde ve \u00fclkemizde h\u0131zla yay\u0131lan kronik b\u00f6brek hastal\u0131\u011f\u0131na dikkat \u00e7ekmek amac\u0131yla, AstraZeneca T\u00fcrkiye, T\u00fcrk Nefroloji Derne\u011fi ve Aile Hekimleri Dernekleri Federasyonu i\u015f birli\u011fiyle \u201cSa\u011fl\u0131kl\u0131 B\u00f6brek, Sa\u011fl\u0131kl\u0131 Hayat\u201d fark\u0131ndal\u0131k kampanyas\u0131 hayata ge\u00e7irildi. 12 Mart D\u00fcnya B\u00f6brek G\u00fcn\u00fc kapsam\u0131nda tan\u0131t\u0131lan proje; sinsi ilerleyen bu hastal\u0131\u011fa kar\u015f\u0131 erken tan\u0131n\u0131n ve d\u00fczenli sa\u011fl\u0131k kontrollerinin hayati \u00f6nemini vurguluyor. Toplant\u0131da annesinin b\u00f6brek t\u00fcm\u00f6r\u00fc sonras\u0131 ba\u015flayan diyaliz ve nakil s\u00fcrecini anlatan T\u00fclin \u015eahin ile \u00e7ok gen\u00e7 ya\u015f\u0131nda kronik b\u00f6brek hastal\u0131\u011f\u0131 tan\u0131s\u0131 alarak annesinin ba\u011f\u0131\u015f\u0131yla nakil olan Duygu Bay\u0131nd\u0131r samimi hik\u00e2yelerini payla\u015ft\u0131.<\/p>\n","protected":false},"author":1,"featured_media":4641,"comment_status":"closed","ping_status":"open","sticky":false,"template":"","format":"standard","meta":{"footnotes":""},"categories":[48,3],"tags":[],"_links":{"self":[{"href":"https:\/\/pharmaworlddergi.com\/index.php?rest_route=\/wp\/v2\/posts\/4638"}],"collection":[{"href":"https:\/\/pharmaworlddergi.com\/index.php?rest_route=\/wp\/v2\/posts"}],"about":[{"href":"https:\/\/pharmaworlddergi.com\/index.php?rest_route=\/wp\/v2\/types\/post"}],"author":[{"embeddable":true,"href":"https:\/\/pharmaworlddergi.com\/index.php?rest_route=\/wp\/v2\/users\/1"}],"replies":[{"embeddable":true,"href":"https:\/\/pharmaworlddergi.com\/index.php?rest_route=%2Fwp%2Fv2%2Fcomments&post=4638"}],"version-history":[{"count":1,"href":"https:\/\/pharmaworlddergi.com\/index.php?rest_route=\/wp\/v2\/posts\/4638\/revisions"}],"predecessor-version":[{"id":4640,"href":"https:\/\/pharmaworlddergi.com\/index.php?rest_route=\/wp\/v2\/posts\/4638\/revisions\/4640"}],"wp:featuredmedia":[{"embeddable":true,"href":"https:\/\/pharmaworlddergi.com\/index.php?rest_route=\/wp\/v2\/media\/4641"}],"wp:attachment":[{"href":"https:\/\/pharmaworlddergi.com\/index.php?rest_route=%2Fwp%2Fv2%2Fmedia&parent=4638"}],"wp:term":[{"taxonomy":"category","embeddable":true,"href":"https:\/\/pharmaworlddergi.com\/index.php?rest_route=%2Fwp%2Fv2%2Fcategories&post=4638"},{"taxonomy":"post_tag","embeddable":true,"href":"https:\/\/pharmaworlddergi.com\/index.php?rest_route=%2Fwp%2Fv2%2Ftags&post=4638"}],"curies":[{"name":"wp","href":"https:\/\/api.w.org\/{rel}","templated":true}]}}