{"id":4642,"date":"2026-03-12T18:09:34","date_gmt":"2026-03-12T15:09:34","guid":{"rendered":"https:\/\/pharmaworlddergi.com\/?p=4642"},"modified":"2026-03-12T18:10:36","modified_gmt":"2026-03-12T15:10:36","slug":"turkiye-agiz-sagligi-haritasi-arastirmasi-aciklandi","status":"publish","type":"post","link":"https:\/\/pharmaworlddergi.com\/?p=4642","title":{"rendered":"T\u00fcrkiye A\u011f\u0131z Sa\u011fl\u0131\u011f\u0131 Haritas\u0131 Ara\u015ft\u0131rmas\u0131 A\u00e7\u0131kland\u0131"},"content":{"rendered":"\n<p><strong>Sensodyne\u2019in Ipsos T\u00fcrkiye i\u015f birli\u011fiyle ger\u00e7ekle\u015ftirilen \u201cT\u00fcrkiye A\u011f\u0131z Sa\u011fl\u0131\u011f\u0131 Haritas\u0131\u201d ara\u015ft\u0131rmas\u0131, a\u011f\u0131z ve di\u015f sa\u011fl\u0131\u011f\u0131 konusunda \u00e7arp\u0131c\u0131 sonu\u00e7lar ortaya koyuyor. <\/strong><strong>Ara\u015ft\u0131rma sonu\u00e7lar\u0131na g\u00f6re, T\u00fcrkiye&#8217;de toplumun yar\u0131s\u0131 di\u015flerini g\u00fcnde iki kez f\u0131r\u00e7alama rutinini uygulam\u0131yor.<\/strong><strong> &nbsp;<\/strong><\/p>\n\n\n\n<p>A\u011f\u0131z sa\u011fl\u0131\u011f\u0131na y\u00f6nelik al\u0131\u015fkanl\u0131klar\u0131 kapsaml\u0131 bir \u015fekilde ortaya koymak \u00fczere Ipsos T\u00fcrkiye taraf\u0131ndan Sensodyne i\u015f birli\u011fi ile ger\u00e7ekle\u015ftirilen \u201cT\u00fcrkiye A\u011f\u0131z Sa\u011fl\u0131\u011f\u0131 Haritas\u0131\u201d ara\u015ft\u0131rmas\u0131, \u00fclkenin a\u011f\u0131z sa\u011fl\u0131\u011f\u0131na dair g\u00fcncel bir tablo sunuyor. Ara\u015ft\u0131rma, t\u00fcketicilerin bildikleri ile uygulad\u0131klar\u0131 aras\u0131ndaki fark\u0131 say\u0131sal verilerle g\u00f6zler \u00f6n\u00fcne seriyor.<\/p>\n\n\n\n<p><strong>\u0130deal f\u0131r\u00e7alama s\u00fcresine uyanlar\u0131n oran\u0131 yaln\u0131zca y\u00fczde 12<\/strong><\/p>\n\n\n\n<p>D\u00fcnya Sa\u011fl\u0131k \u00d6rg\u00fct\u00fc&#8217;n\u00fcn (DS\u00d6) \u00f6nerdi\u011fi ideal di\u015f f\u0131r\u00e7alama s\u00fcresi 2 dakika* olmas\u0131na ra\u011fmen, kat\u0131l\u0131mc\u0131lar\u0131n yaln\u0131zca y\u00fczde 12&#8217;si bu s\u00fcreye uyuyor. Bunun yan\u0131nda toplumun yar\u0131s\u0131 di\u015f hekimlerinin \u00f6nerdi\u011fi g\u00fcnde iki kez f\u0131r\u00e7alama rutinini uygulam\u0131yor. Y\u00fczde 30\u2019u di\u015flerini g\u00fcnde yaln\u0131zca bir kez, y\u00fczde 13\u2019\u00fc ise haftada 3-4 kez f\u0131r\u00e7al\u0131yor. N\u00fcfusun y\u00fczde 6\u2019s\u0131 ise di\u015flerini yaln\u0131zca sosyalle\u015fece\u011fi zaman f\u0131r\u00e7alad\u0131\u011f\u0131n\u0131 ifade ediyor. Bu tablo, a\u011f\u0131z bak\u0131m\u0131n\u0131n d\u00fczenli bir sa\u011fl\u0131k rutini olmaktan ziyade d\u00f6nemsel bir \u201csosyal vitrin\u201d davran\u0131\u015f\u0131na d\u00f6n\u00fc\u015febildi\u011fini g\u00f6steriyor.<\/p>\n\n\n\n<p><strong>\u00c7\u00fcr\u00fck di\u015fler \u201cacil a\u011fr\u0131\u201d seviyesine gelene kadar erteleniyor<\/strong><\/p>\n\n\n\n<p>Ara\u015ft\u0131rmaya g\u00f6re toplumun y\u00fczde 25\u2019i, yani her 4 ki\u015fiden 1\u2019i, a\u011fz\u0131nda aktif ve tedavi edilmemi\u015f bir \u00e7\u00fcr\u00fckle ya\u015fam\u0131n\u0131 s\u00fcrd\u00fcr\u00fcyor. Aktif \u00e7\u00fcr\u00fc\u011f\u00fc bulunan ki\u015filerin y\u00fczde 76\u2019s\u0131 son 3 ayd\u0131r di\u015f hekimine gitmedi\u011fini belirtirken, her 5 ki\u015fiden 1\u2019i son 2 y\u0131ld\u0131r di\u015f hekimi koltu\u011funa hi\u00e7 oturmad\u0131\u011f\u0131n\u0131 ifade ediyor. Veriler, \u00e7\u00fcr\u00fc\u011f\u00fcn \u00e7o\u011fu zaman \u201cacil a\u011fr\u0131\u201d seviyesine gelene kadar ertelendi\u011fini g\u00f6steriyor.<\/p>\n\n\n\n<p><strong>\u0130lk di\u015f hekimi ziyareti ortalama 16 ya\u015f\u0131nda ger\u00e7ekle\u015fiyor<\/strong><\/p>\n\n\n\n<p>T\u00fcrkiye&#8217;de yeti\u015fkinlerin di\u015f hekimiyle ilk tan\u0131\u015fma ya\u015f\u0131 ortalama 16 olarak \u00f6ne \u00e7\u0131k\u0131yor. Ancak ebeveynler, a\u011f\u0131z sa\u011fl\u0131\u011f\u0131 konusunda kendi ya\u015fad\u0131klar\u0131 gecikmeyi yeni nesilde olumlu y\u00f6nde k\u0131r\u0131yor. Kendileri di\u015f hekimiyle ortalama 16 ya\u015f\u0131nda tan\u0131\u015f\u0131rken, bug\u00fcn \u00e7ocuklar\u0131n\u0131 ortalama 7 ya\u015f\u0131nda di\u015f hekimiyle tan\u0131\u015ft\u0131r\u0131yorlar. Ortalama 7 ya\u015f b\u00fcy\u00fck bir geli\u015fme gibi g\u00f6r\u00fcnse de bunun 1-2 ya\u015flara \u00e7ekilmesi gerekiyor. S\u00fct di\u015flerinin \u00e7\u0131kmas\u0131yla birlikte \u00e7ocuklar\u0131n di\u015f hekimiyle tan\u0131\u015fmas\u0131 ve do\u011fru bak\u0131m rit\u00fceli kazanmas\u0131 b\u00fcy\u00fck \u00f6nem ta\u015f\u0131yor. \u00d6te yandan \u00e7ocuklar\u0131n a\u011f\u0131z bak\u0131m\u0131nda flor\u00fcr fark\u0131ndal\u0131\u011f\u0131 da kritik bir rol oynuyor. Aileler \u00e7ocuklar\u0131 i\u00e7in hala flor\u00fcrs\u00fcz di\u015f macunlar\u0131na y\u00f6nelme e\u011filiminde olsa da uzmanlar, \u00e7\u00fcr\u00fck olu\u015fumunu \u00f6nlemede do\u011fru dozlarda flor\u00fcr kullan\u0131m\u0131n\u0131n ba\u015fl\u0131ca fakt\u00f6r oldu\u011funun alt\u0131n\u0131 \u00e7iziyor. \u0130\u015f \u00e7ocuklara di\u015f f\u0131r\u00e7alamay\u0131 sevdirmeye geldi\u011finde ise aromalar devreye giriyor: Sat\u0131n al\u0131nan \u00e7ocuk di\u015f macunlar\u0131nda ebeveynlerin y\u00fczde 49&#8217;u a\u00e7\u0131k ara &#8220;\u00e7ilek&#8221; aromas\u0131n\u0131 tercih ederken, onu y\u00fczde 26 ile nane ve y\u00fczde 21 ile karpuz takip ediyor.<\/p>\n\n\n\n<p><strong>Bug\u00fcne kadar di\u015f hekimine bir kez gitmi\u015f olanlara bakt\u0131\u011f\u0131m\u0131zda ise yakla\u015f\u0131k y\u00fczde 40\u2019l\u0131k kesimin bir y\u0131ldan uzun s\u00fcredir hi\u00e7 di\u015f hekimine u\u011framad\u0131\u011f\u0131n\u0131 g\u00f6r\u00fcyoruz. <\/strong>Di\u015f hekimine gitmeme nedenleri aras\u0131nda en \u00e7ok ihtiya\u00e7 duyulmamas\u0131 ve maliyet \u00f6ne \u00e7\u0131karken, bu fakt\u00f6rleri di\u015f hekimi korkusu ve zaman bulamamak izliyor. Bu tablo, yeti\u015fkinlerde koruyucu hekimlik refleksinin hala zay\u0131f oldu\u011funu ve di\u015f hekiminin \u00e7o\u011funlukla kriz an\u0131nda ba\u015fvurulan bir \u00e7\u00f6z\u00fcm noktas\u0131 olarak konumland\u0131\u011f\u0131n\u0131 g\u00f6steriyor.<\/p>\n\n\n\n<p><strong>Di\u015f hassasiyetini tedavi etmek yerine g\u00f6z ard\u0131 ediyoruz<\/strong><\/p>\n\n\n\n<p>Toplumda yayg\u0131n g\u00f6r\u00fclen a\u011f\u0131z sa\u011fl\u0131\u011f\u0131 sorunlar\u0131ndan biri olan di\u015f hassasiyeti, g\u00fcnl\u00fck ya\u015fam kalitesini do\u011frudan etkiliyor. Hassasiyet en \u00e7ok so\u011fuk yiyecek ve i\u00e7eceklerde hissedilirken; s\u0131cak g\u0131dalar ve tatl\u0131lar da ba\u015fl\u0131ca tetikleyiciler aras\u0131nda yer al\u0131yor. Ara\u015ft\u0131rma, bu sorunla ba\u015fa \u00e7\u0131karken tedavi y\u00f6ntemleri kadar, problemi g\u00f6z ard\u0131 etme e\u011filiminin de yayg\u0131n oldu\u011funu g\u00f6steriyor. Kat\u0131l\u0131mc\u0131lar\u0131n y\u00fczde 41&#8217;i hassasiyet giderici macun kullan\u0131p y\u00fczde 36&#8217;s\u0131 di\u015f hekimine ba\u015fvururken; y\u00fczde 35&#8217;lik kesim kal\u0131c\u0131 bir \u00f6nlem almak yerine, yaln\u0131zca sevdi\u011fi yiyecek ve i\u00e7ecekleri t\u00fcketmekten ka\u00e7\u0131narak problemi has\u0131ralt\u0131 etmeyi tercih ediyor.<\/p>\n\n\n\n<p><strong>A\u011f\u0131z ve Di\u015f Sa\u011fl\u0131\u011f\u0131nda Yeni Bilgi Kayna\u011f\u0131: Yapay Zeka<\/strong><\/p>\n\n\n<div class=\"wp-block-image\">\n<figure class=\"aligncenter size-large is-resized\"><img loading=\"lazy\" decoding=\"async\" width=\"724\" height=\"1024\" src=\"https:\/\/pharmaworlddergi.com\/wp-content\/uploads\/2026\/03\/infografik-724x1024.jpeg\" alt=\"\" class=\"wp-image-4645\" style=\"width:491px;height:auto\" srcset=\"https:\/\/pharmaworlddergi.com\/wp-content\/uploads\/2026\/03\/infografik-724x1024.jpeg 724w, https:\/\/pharmaworlddergi.com\/wp-content\/uploads\/2026\/03\/infografik-212x300.jpeg 212w, https:\/\/pharmaworlddergi.com\/wp-content\/uploads\/2026\/03\/infografik-768x1086.jpeg 768w, https:\/\/pharmaworlddergi.com\/wp-content\/uploads\/2026\/03\/infografik-1086x1536.jpeg 1086w, https:\/\/pharmaworlddergi.com\/wp-content\/uploads\/2026\/03\/infografik.jpeg 1131w\" sizes=\"(max-width: 724px) 100vw, 724px\" \/><\/figure><\/div>\n\n\n<p><\/p>\n\n\n\n<p><\/p>\n\n\n\n<p>Ara\u015ft\u0131rma, toplumun a\u011f\u0131z sa\u011fl\u0131\u011f\u0131 konusunda kime g\u00fcvendi\u011fini net bir \u015fekilde ortaya koyuyor. Y\u00fczde 64\u2019le di\u015f hekimleri ezici bir \u00fcst\u00fcnl\u00fc\u011fe sahipken, toplumun y\u00fczde 39\u2019u bilgi almak i\u00e7in internet \u00fczerinden ara\u015ft\u0131rma yapmaya y\u00f6neliyor. Her d\u00f6rt ki\u015fiden biri ise eczac\u0131lar\u0131n dan\u0131\u015fmanl\u0131\u011f\u0131na g\u00fcveniyor. Ancak ara\u015ft\u0131rman\u0131n en dikkat \u00e7ekici \u00e7\u0131kt\u0131lar\u0131ndan biri dijitalle\u015fen yeni neslin al\u0131\u015fkanl\u0131klar\u0131nda gizli: \u00d6zellikle 18-25 ya\u015f aras\u0131 gen\u00e7lerin a\u011f\u0131rl\u0131kta oldu\u011fu bir kesim (y\u00fczde 9) i\u00e7in, a\u011f\u0131z sa\u011fl\u0131\u011f\u0131 hakk\u0131nda yapay zekaya dan\u0131\u015fmak y\u00fckselen yeni bir trend olarak kar\u015f\u0131m\u0131za \u00e7\u0131k\u0131yor.<\/p>\n\n\n\n<p><strong>A\u011f\u0131z sa\u011fl\u0131\u011f\u0131 \u00f6zg\u00fcveni do\u011frudan etkiliyor<\/strong><\/p>\n\n\n\n<p>Toplumun y\u00fczde 78&#8217;i a\u011f\u0131z ve di\u015f sa\u011fl\u0131\u011f\u0131n\u0131n \u00f6zg\u00fcvenini do\u011frudan etkiledi\u011fini belirtiyor. Di\u015f g\u00f6r\u00fcn\u00fcm\u00fcnden kaynaklanan memnuniyetsizliklerin temelinde kozmetik kayg\u0131lar yat\u0131yor; \u00f6zg\u00fcveni en \u00e7ok zedeleyen sorunlar\u0131n ba\u015f\u0131nda y\u00fczde 50 oran\u0131yla di\u015f rengi ve y\u00fczde 40 oran\u0131yla di\u015f dizilimi geliyor. Bu durum g\u00fcnl\u00fck rutinlere de yans\u0131yor; di\u015flerin f\u0131r\u00e7alanamad\u0131\u011f\u0131 bir g\u00fcnde t\u00fcketicilerin y\u00fczde 74&#8217;\u00fc kendini huzursuz ve rahats\u0131z hissederken, y\u00fczde 33&#8217;\u00fc do\u011frudan \u00f6zg\u00fcven eksikli\u011fi ya\u015fad\u0131\u011f\u0131n\u0131 ifade ediyor.<\/p>\n\n\n\n<p>* DS\u00d6, Oral Health: <a href=\"https:\/\/www.who.int\/news-room\/fact-sheets\/detail\/oral-health\">https:\/\/www.who.int\/news-room\/fact-sheets\/detail\/oral-health<\/a><\/p>\n","protected":false},"excerpt":{"rendered":"<p>Sensodyne\u2019in Ipsos T\u00fcrkiye i\u015f birli\u011fiyle ger\u00e7ekle\u015ftirilen \u201cT\u00fcrkiye A\u011f\u0131z Sa\u011fl\u0131\u011f\u0131 Haritas\u0131\u201d ara\u015ft\u0131rmas\u0131, a\u011f\u0131z ve di\u015f sa\u011fl\u0131\u011f\u0131 konusunda \u00e7arp\u0131c\u0131 sonu\u00e7lar ortaya koyuyor. Ara\u015ft\u0131rma sonu\u00e7lar\u0131na g\u00f6re, T\u00fcrkiye&#8217;de toplumun yar\u0131s\u0131 di\u015flerini g\u00fcnde iki kez f\u0131r\u00e7alama rutinini uygulam\u0131yor. &nbsp; A\u011f\u0131z sa\u011fl\u0131\u011f\u0131na y\u00f6nelik al\u0131\u015fkanl\u0131klar\u0131 kapsaml\u0131 bir \u015fekilde ortaya koymak \u00fczere Ipsos T\u00fcrkiye taraf\u0131ndan Sensodyne i\u015f birli\u011fi ile ger\u00e7ekle\u015ftirilen \u201cT\u00fcrkiye A\u011f\u0131z Sa\u011fl\u0131\u011f\u0131 &hellip;<\/p>\n","protected":false},"author":1,"featured_media":4644,"comment_status":"closed","ping_status":"open","sticky":false,"template":"","format":"standard","meta":{"footnotes":""},"categories":[48,42],"tags":[],"_links":{"self":[{"href":"https:\/\/pharmaworlddergi.com\/index.php?rest_route=\/wp\/v2\/posts\/4642"}],"collection":[{"href":"https:\/\/pharmaworlddergi.com\/index.php?rest_route=\/wp\/v2\/posts"}],"about":[{"href":"https:\/\/pharmaworlddergi.com\/index.php?rest_route=\/wp\/v2\/types\/post"}],"author":[{"embeddable":true,"href":"https:\/\/pharmaworlddergi.com\/index.php?rest_route=\/wp\/v2\/users\/1"}],"replies":[{"embeddable":true,"href":"https:\/\/pharmaworlddergi.com\/index.php?rest_route=%2Fwp%2Fv2%2Fcomments&post=4642"}],"version-history":[{"count":2,"href":"https:\/\/pharmaworlddergi.com\/index.php?rest_route=\/wp\/v2\/posts\/4642\/revisions"}],"predecessor-version":[{"id":4647,"href":"https:\/\/pharmaworlddergi.com\/index.php?rest_route=\/wp\/v2\/posts\/4642\/revisions\/4647"}],"wp:featuredmedia":[{"embeddable":true,"href":"https:\/\/pharmaworlddergi.com\/index.php?rest_route=\/wp\/v2\/media\/4644"}],"wp:attachment":[{"href":"https:\/\/pharmaworlddergi.com\/index.php?rest_route=%2Fwp%2Fv2%2Fmedia&parent=4642"}],"wp:term":[{"taxonomy":"category","embeddable":true,"href":"https:\/\/pharmaworlddergi.com\/index.php?rest_route=%2Fwp%2Fv2%2Fcategories&post=4642"},{"taxonomy":"post_tag","embeddable":true,"href":"https:\/\/pharmaworlddergi.com\/index.php?rest_route=%2Fwp%2Fv2%2Ftags&post=4642"}],"curies":[{"name":"wp","href":"https:\/\/api.w.org\/{rel}","templated":true}]}}